{"id":3580,"date":"2021-03-30T19:26:59","date_gmt":"2021-03-30T17:26:59","guid":{"rendered":"https:\/\/uar.es\/?p=3580"},"modified":"2021-04-11T17:28:17","modified_gmt":"2021-04-11T15:28:17","slug":"els-atletes-de-la-uar-continuen-millorant-les-seves-marques-personals","status":"publish","type":"post","link":"https:\/\/uar.es\/?p=3580","title":{"rendered":"Els atletes de la UAR continuen millorant les seves marques personals"},"content":{"rendered":"\n<p> Aquest cap de setmana els nostres atletes han participat en diferents esdeveniments. Dissabte 27 de mar\u00e7 es va celebrar un control d\u2019aire lliure on molts les nostres atletes van millorar les seves marques personals.  <\/p>\n\n\n\n<figure class=\"wp-block-image size-large\"><img loading=\"lazy\" width=\"600\" height=\"362\" src=\"https:\/\/uar.es\/wp-content\/uploads\/2021\/03\/Captura-de-pantalla-2021-03-30-a-les-19.19.25.png\" alt=\"\" class=\"wp-image-3587\" srcset=\"https:\/\/uar.es\/wp-content\/uploads\/2021\/03\/Captura-de-pantalla-2021-03-30-a-les-19.19.25.png 600w, https:\/\/uar.es\/wp-content\/uploads\/2021\/03\/Captura-de-pantalla-2021-03-30-a-les-19.19.25-300x181.png 300w, https:\/\/uar.es\/wp-content\/uploads\/2021\/03\/Captura-de-pantalla-2021-03-30-a-les-19.19.25-500x302.png 500w\" sizes=\"(max-width: 600px) 100vw, 600px\" \/><\/figure>\n\n\n\n<figure class=\"wp-block-image size-large\"><img loading=\"lazy\" width=\"600\" height=\"198\" src=\"https:\/\/uar.es\/wp-content\/uploads\/2021\/03\/Captura-de-pantalla-2021-03-30-a-les-19.14.44.png\" alt=\"\" class=\"wp-image-3583\" srcset=\"https:\/\/uar.es\/wp-content\/uploads\/2021\/03\/Captura-de-pantalla-2021-03-30-a-les-19.14.44.png 600w, https:\/\/uar.es\/wp-content\/uploads\/2021\/03\/Captura-de-pantalla-2021-03-30-a-les-19.14.44-300x99.png 300w, https:\/\/uar.es\/wp-content\/uploads\/2021\/03\/Captura-de-pantalla-2021-03-30-a-les-19.14.44-500x165.png 500w\" sizes=\"(max-width: 600px) 100vw, 600px\" \/><\/figure>\n\n\n\n<figure class=\"wp-block-image size-large\"><img loading=\"lazy\" width=\"600\" height=\"289\" src=\"https:\/\/uar.es\/wp-content\/uploads\/2021\/03\/Captura-de-pantalla-2021-03-30-a-les-19.15.09.png\" alt=\"\" class=\"wp-image-3584\" srcset=\"https:\/\/uar.es\/wp-content\/uploads\/2021\/03\/Captura-de-pantalla-2021-03-30-a-les-19.15.09.png 600w, https:\/\/uar.es\/wp-content\/uploads\/2021\/03\/Captura-de-pantalla-2021-03-30-a-les-19.15.09-300x145.png 300w, https:\/\/uar.es\/wp-content\/uploads\/2021\/03\/Captura-de-pantalla-2021-03-30-a-les-19.15.09-500x241.png 500w\" sizes=\"(max-width: 600px) 100vw, 600px\" \/><\/figure>\n\n\n\n<figure class=\"wp-block-image size-large\"><img loading=\"lazy\" width=\"600\" height=\"242\" src=\"https:\/\/uar.es\/wp-content\/uploads\/2021\/03\/Captura-de-pantalla-2021-03-30-a-les-19.15.38.png\" alt=\"\" class=\"wp-image-3585\" srcset=\"https:\/\/uar.es\/wp-content\/uploads\/2021\/03\/Captura-de-pantalla-2021-03-30-a-les-19.15.38.png 600w, https:\/\/uar.es\/wp-content\/uploads\/2021\/03\/Captura-de-pantalla-2021-03-30-a-les-19.15.38-300x121.png 300w, https:\/\/uar.es\/wp-content\/uploads\/2021\/03\/Captura-de-pantalla-2021-03-30-a-les-19.15.38-500x202.png 500w\" sizes=\"(max-width: 600px) 100vw, 600px\" \/><\/figure>\n\n\n\n<p> Diumenge 28 de mar\u00e7, es va celebrar el <strong>Campionat de Catalunya de Cros Curt  24\u00e8 Cros de Canet de Mar. <\/strong> <\/p>\n\n\n\n<p>Categoria\nSUB12 Adam Daafi va quedar en 26a posici\u00f3 amb un temps de 8:30, en\nla mateixa categoria, Oriol Navarro va quedar en la 36a posici\u00f3 amb\nuna marca\nde 9:33<\/p>\n\n\n\n<figure class=\"wp-block-image size-large\"><img loading=\"lazy\" width=\"270\" height=\"600\" src=\"https:\/\/uar.es\/wp-content\/uploads\/2021\/03\/WhatsApp-Image-2021-03-28-at-18.20.03-2.jpeg\" alt=\"\" class=\"wp-image-3588\" srcset=\"https:\/\/uar.es\/wp-content\/uploads\/2021\/03\/WhatsApp-Image-2021-03-28-at-18.20.03-2.jpeg 270w, https:\/\/uar.es\/wp-content\/uploads\/2021\/03\/WhatsApp-Image-2021-03-28-at-18.20.03-2-135x300.jpeg 135w\" sizes=\"(max-width: 270px) 100vw, 270px\" \/><\/figure>\n\n\n\n<figure class=\"wp-block-image size-large\"><img loading=\"lazy\" width=\"270\" height=\"600\" src=\"https:\/\/uar.es\/wp-content\/uploads\/2021\/03\/WhatsApp-Image-2021-03-28-at-18.20.03-1.jpeg\" alt=\"\" class=\"wp-image-3590\" srcset=\"https:\/\/uar.es\/wp-content\/uploads\/2021\/03\/WhatsApp-Image-2021-03-28-at-18.20.03-1.jpeg 270w, https:\/\/uar.es\/wp-content\/uploads\/2021\/03\/WhatsApp-Image-2021-03-28-at-18.20.03-1-135x300.jpeg 135w\" sizes=\"(max-width: 270px) 100vw, 270px\" \/><\/figure>\n\n\n\n<p>Categoria\nSUB 14, l\u2019atleta Xavi Borrella va quedar en la 18a posici\u00f3 amb un\ntemps de 8:13<\/p>\n\n\n\n<figure class=\"wp-block-image size-large\"><img loading=\"lazy\" width=\"270\" height=\"600\" src=\"https:\/\/uar.es\/wp-content\/uploads\/2021\/03\/WhatsApp-Image-2021-03-28-at-18.20.03-3.jpeg\" alt=\"\" class=\"wp-image-3589\" srcset=\"https:\/\/uar.es\/wp-content\/uploads\/2021\/03\/WhatsApp-Image-2021-03-28-at-18.20.03-3.jpeg 270w, https:\/\/uar.es\/wp-content\/uploads\/2021\/03\/WhatsApp-Image-2021-03-28-at-18.20.03-3-135x300.jpeg 135w\" sizes=\"(max-width: 270px) 100vw, 270px\" \/><\/figure>\n\n\n\n<p>Categoria\nSUB16 Adri\u00e1n Macias, va quedar en la  4a posici\u00f3 amb un temps de\n10:01i Alex Valls en 28<sup>a<\/sup>\nposici\u00f3 amb un temps  11:54.<\/p>\n\n\n\n<figure class=\"wp-block-image size-large\"><img loading=\"lazy\" width=\"270\" height=\"600\" src=\"https:\/\/uar.es\/wp-content\/uploads\/2021\/03\/WhatsApp-Image-2021-03-28-at-18.20.03.jpeg\" alt=\"\" class=\"wp-image-3591\" srcset=\"https:\/\/uar.es\/wp-content\/uploads\/2021\/03\/WhatsApp-Image-2021-03-28-at-18.20.03.jpeg 270w, https:\/\/uar.es\/wp-content\/uploads\/2021\/03\/WhatsApp-Image-2021-03-28-at-18.20.03-135x300.jpeg 135w\" sizes=\"(max-width: 270px) 100vw, 270px\" \/><\/figure>\n\n\n\n<p>Judith Borrella va participar, per\u00f2 es va haver de retirar per mol\u00e8sties al bess\u00f3.  <\/p>\n\n\n\n<figure class=\"wp-block-image size-large\"><img loading=\"lazy\" width=\"600\" height=\"299\" src=\"https:\/\/uar.es\/wp-content\/uploads\/2021\/04\/Captura-de-pantalla-2021-04-05-a-les-17.05.20.png\" alt=\"\" class=\"wp-image-3593\" srcset=\"https:\/\/uar.es\/wp-content\/uploads\/2021\/04\/Captura-de-pantalla-2021-04-05-a-les-17.05.20.png 600w, https:\/\/uar.es\/wp-content\/uploads\/2021\/04\/Captura-de-pantalla-2021-04-05-a-les-17.05.20-300x150.png 300w, https:\/\/uar.es\/wp-content\/uploads\/2021\/04\/Captura-de-pantalla-2021-04-05-a-les-17.05.20-500x249.png 500w\" sizes=\"(max-width: 600px) 100vw, 600px\" \/><\/figure>\n","protected":false},"excerpt":{"rendered":"<p>Aquest cap de setmana els nostres atletes han participat en diferents esdeveniments. Dissabte 27 de mar\u00e7 es va celebrar un control d\u2019aire lliure on molts les nostres atletes van millorar les seves marques personals. Diumenge 28 de mar\u00e7, es va celebrar el Campionat de Catalunya de Cros Curt 24\u00e8 Cros de Canet de Mar. Categoria [&hellip;]<\/p>\n","protected":false},"author":12,"featured_media":0,"comment_status":"closed","ping_status":"closed","sticky":false,"template":"","format":"standard","meta":[],"categories":[2],"tags":[],"_links":{"self":[{"href":"https:\/\/uar.es\/index.php?rest_route=\/wp\/v2\/posts\/3580"}],"collection":[{"href":"https:\/\/uar.es\/index.php?rest_route=\/wp\/v2\/posts"}],"about":[{"href":"https:\/\/uar.es\/index.php?rest_route=\/wp\/v2\/types\/post"}],"author":[{"embeddable":true,"href":"https:\/\/uar.es\/index.php?rest_route=\/wp\/v2\/users\/12"}],"replies":[{"embeddable":true,"href":"https:\/\/uar.es\/index.php?rest_route=%2Fwp%2Fv2%2Fcomments&post=3580"}],"version-history":[{"count":3,"href":"https:\/\/uar.es\/index.php?rest_route=\/wp\/v2\/posts\/3580\/revisions"}],"predecessor-version":[{"id":3594,"href":"https:\/\/uar.es\/index.php?rest_route=\/wp\/v2\/posts\/3580\/revisions\/3594"}],"wp:attachment":[{"href":"https:\/\/uar.es\/index.php?rest_route=%2Fwp%2Fv2%2Fmedia&parent=3580"}],"wp:term":[{"taxonomy":"category","embeddable":true,"href":"https:\/\/uar.es\/index.php?rest_route=%2Fwp%2Fv2%2Fcategories&post=3580"},{"taxonomy":"post_tag","embeddable":true,"href":"https:\/\/uar.es\/index.php?rest_route=%2Fwp%2Fv2%2Ftags&post=3580"}],"curies":[{"name":"wp","href":"https:\/\/api.w.org\/{rel}","templated":true}]}}