{"id":3631,"date":"2021-04-19T11:10:00","date_gmt":"2021-04-19T09:10:00","guid":{"rendered":"https:\/\/uar.es\/?p=3631"},"modified":"2021-04-19T16:14:15","modified_gmt":"2021-04-19T14:14:15","slug":"final-campionat-de-catalunya-relleus-de-promocio-i-control-nastic","status":"publish","type":"post","link":"https:\/\/uar.es\/?p=3631","title":{"rendered":"Final Campionat de Catalunya Relleus de promoci\u00f3 i control N\u00e0stic"},"content":{"rendered":"\n<p> Aquest cap de setmana la UAR ha participat en diferents esdeveniments aconseguint molt bons resultats. Dissabte 17 d\u2019abril es va disputar la final de <strong>Catalunya de Relleus al Prat del Llobregat<\/strong>.  Els Sub10 i Sub16 masculina es van classificar per la final obtenint una 5<sup>a<\/sup> i 7<sup>a<\/sup> posici\u00f3 respectivament. La categoria Sub14 femenina, es van quedar a les portes de la final, per\u00f2 van fer una gran cursa.  <\/p>\n\n\n\n<figure class=\"wp-block-image size-large\"><img loading=\"lazy\" width=\"600\" height=\"170\" src=\"https:\/\/uar.es\/wp-content\/uploads\/2021\/04\/Captura-de-pantalla-2021-04-19-a-les-11.03.06.png\" alt=\"\" class=\"wp-image-3632\" srcset=\"https:\/\/uar.es\/wp-content\/uploads\/2021\/04\/Captura-de-pantalla-2021-04-19-a-les-11.03.06.png 600w, https:\/\/uar.es\/wp-content\/uploads\/2021\/04\/Captura-de-pantalla-2021-04-19-a-les-11.03.06-300x85.png 300w, https:\/\/uar.es\/wp-content\/uploads\/2021\/04\/Captura-de-pantalla-2021-04-19-a-les-11.03.06-500x142.png 500w\" sizes=\"(max-width: 600px) 100vw, 600px\" \/><\/figure>\n\n\n\n<figure class=\"wp-block-image size-large\"><img loading=\"lazy\" width=\"600\" height=\"450\" src=\"https:\/\/uar.es\/wp-content\/uploads\/2021\/04\/WhatsApp-Image-2021-04-17-at-10.49.56.jpeg\" alt=\"\" class=\"wp-image-3637\" srcset=\"https:\/\/uar.es\/wp-content\/uploads\/2021\/04\/WhatsApp-Image-2021-04-17-at-10.49.56.jpeg 600w, https:\/\/uar.es\/wp-content\/uploads\/2021\/04\/WhatsApp-Image-2021-04-17-at-10.49.56-300x225.jpeg 300w, https:\/\/uar.es\/wp-content\/uploads\/2021\/04\/WhatsApp-Image-2021-04-17-at-10.49.56-500x375.jpeg 500w\" sizes=\"(max-width: 600px) 100vw, 600px\" \/><figcaption>Equip SUB10 Masc.<\/figcaption><\/figure>\n\n\n\n<figure class=\"wp-block-image size-large\"><img loading=\"lazy\" width=\"600\" height=\"140\" src=\"https:\/\/uar.es\/wp-content\/uploads\/2021\/04\/Captura-de-pantalla-2021-04-19-a-les-11.03.12.png\" alt=\"\" class=\"wp-image-3633\" srcset=\"https:\/\/uar.es\/wp-content\/uploads\/2021\/04\/Captura-de-pantalla-2021-04-19-a-les-11.03.12.png 600w, https:\/\/uar.es\/wp-content\/uploads\/2021\/04\/Captura-de-pantalla-2021-04-19-a-les-11.03.12-300x70.png 300w, https:\/\/uar.es\/wp-content\/uploads\/2021\/04\/Captura-de-pantalla-2021-04-19-a-les-11.03.12-500x117.png 500w\" sizes=\"(max-width: 600px) 100vw, 600px\" \/><\/figure>\n\n\n\n<div class=\"wp-block-image\"><figure class=\"aligncenter size-large\"><img loading=\"lazy\" width=\"600\" height=\"450\" src=\"https:\/\/uar.es\/wp-content\/uploads\/2021\/04\/WhatsApp-Image-2021-04-17-at-12.26.17.jpeg\" alt=\"\" class=\"wp-image-3638\" srcset=\"https:\/\/uar.es\/wp-content\/uploads\/2021\/04\/WhatsApp-Image-2021-04-17-at-12.26.17.jpeg 600w, https:\/\/uar.es\/wp-content\/uploads\/2021\/04\/WhatsApp-Image-2021-04-17-at-12.26.17-300x225.jpeg 300w, https:\/\/uar.es\/wp-content\/uploads\/2021\/04\/WhatsApp-Image-2021-04-17-at-12.26.17-500x375.jpeg 500w\" sizes=\"(max-width: 600px) 100vw, 600px\" \/><figcaption>Equip SUB14 Fem.<\/figcaption><\/figure><\/div>\n\n\n\n<figure class=\"wp-block-image size-large\"><img loading=\"lazy\" width=\"600\" height=\"400\" src=\"https:\/\/uar.es\/wp-content\/uploads\/2021\/04\/51122620492_20ec1dab9f_c.jpg\" alt=\"\" class=\"wp-image-3652\" srcset=\"https:\/\/uar.es\/wp-content\/uploads\/2021\/04\/51122620492_20ec1dab9f_c.jpg 600w, https:\/\/uar.es\/wp-content\/uploads\/2021\/04\/51122620492_20ec1dab9f_c-300x200.jpg 300w, https:\/\/uar.es\/wp-content\/uploads\/2021\/04\/51122620492_20ec1dab9f_c-500x333.jpg 500w\" sizes=\"(max-width: 600px) 100vw, 600px\" \/><figcaption>Equip SUB16 Masc. Foto: Miquel Merino<\/figcaption><\/figure>\n\n\n\n<figure class=\"wp-block-image size-large\"><img loading=\"lazy\" width=\"600\" height=\"135\" src=\"https:\/\/uar.es\/wp-content\/uploads\/2021\/04\/Captura-de-pantalla-2021-04-19-a-les-11.03.19.png\" alt=\"\" class=\"wp-image-3634\" srcset=\"https:\/\/uar.es\/wp-content\/uploads\/2021\/04\/Captura-de-pantalla-2021-04-19-a-les-11.03.19.png 600w, https:\/\/uar.es\/wp-content\/uploads\/2021\/04\/Captura-de-pantalla-2021-04-19-a-les-11.03.19-300x68.png 300w, https:\/\/uar.es\/wp-content\/uploads\/2021\/04\/Captura-de-pantalla-2021-04-19-a-les-11.03.19-500x113.png 500w\" sizes=\"(max-width: 600px) 100vw, 600px\" \/><\/figure>\n\n\n\n<p> Dissabte, tamb\u00e9 es va disputar el <strong>Control Atl\u00e8tic N\u00e0stic a Tarragona<\/strong> on alguns atletes van millorar la seva marca personal i on van aconseguir molts bons resultats.  <\/p>\n\n\n\n<figure class=\"wp-block-image size-large\"><img loading=\"lazy\" width=\"600\" height=\"198\" src=\"https:\/\/uar.es\/wp-content\/uploads\/2021\/04\/Captura-de-pantalla-2021-04-19-a-les-11.05.31.png\" alt=\"\" class=\"wp-image-3635\" srcset=\"https:\/\/uar.es\/wp-content\/uploads\/2021\/04\/Captura-de-pantalla-2021-04-19-a-les-11.05.31.png 600w, https:\/\/uar.es\/wp-content\/uploads\/2021\/04\/Captura-de-pantalla-2021-04-19-a-les-11.05.31-300x99.png 300w, https:\/\/uar.es\/wp-content\/uploads\/2021\/04\/Captura-de-pantalla-2021-04-19-a-les-11.05.31-500x165.png 500w\" sizes=\"(max-width: 600px) 100vw, 600px\" \/><\/figure>\n\n\n\n<div class=\"wp-block-image\"><figure class=\"aligncenter size-large\"><img loading=\"lazy\" width=\"450\" height=\"600\" src=\"https:\/\/uar.es\/wp-content\/uploads\/2021\/04\/WhatsApp-Image-2021-04-17-at-18.11.35.jpeg\" alt=\"\" class=\"wp-image-3636\" srcset=\"https:\/\/uar.es\/wp-content\/uploads\/2021\/04\/WhatsApp-Image-2021-04-17-at-18.11.35.jpeg 450w, https:\/\/uar.es\/wp-content\/uploads\/2021\/04\/WhatsApp-Image-2021-04-17-at-18.11.35-225x300.jpeg 225w\" sizes=\"(max-width: 450px) 100vw, 450px\" \/><\/figure><\/div>\n\n\n\n<p>Les atletes es van endur un bon ensurt durant la competici\u00f3. <\/p>\n","protected":false},"excerpt":{"rendered":"<p>Aquest cap de setmana la UAR ha participat en diferents esdeveniments aconseguint molt bons resultats. Dissabte 17 d\u2019abril es va disputar la final de Catalunya de Relleus al Prat del Llobregat. Els Sub10 i Sub16 masculina es van classificar per la final obtenint una 5a i 7a posici\u00f3 respectivament. La categoria Sub14 femenina, es van [&hellip;]<\/p>\n","protected":false},"author":12,"featured_media":0,"comment_status":"closed","ping_status":"closed","sticky":false,"template":"","format":"standard","meta":[],"categories":[2],"tags":[],"_links":{"self":[{"href":"https:\/\/uar.es\/index.php?rest_route=\/wp\/v2\/posts\/3631"}],"collection":[{"href":"https:\/\/uar.es\/index.php?rest_route=\/wp\/v2\/posts"}],"about":[{"href":"https:\/\/uar.es\/index.php?rest_route=\/wp\/v2\/types\/post"}],"author":[{"embeddable":true,"href":"https:\/\/uar.es\/index.php?rest_route=\/wp\/v2\/users\/12"}],"replies":[{"embeddable":true,"href":"https:\/\/uar.es\/index.php?rest_route=%2Fwp%2Fv2%2Fcomments&post=3631"}],"version-history":[{"count":3,"href":"https:\/\/uar.es\/index.php?rest_route=\/wp\/v2\/posts\/3631\/revisions"}],"predecessor-version":[{"id":3653,"href":"https:\/\/uar.es\/index.php?rest_route=\/wp\/v2\/posts\/3631\/revisions\/3653"}],"wp:attachment":[{"href":"https:\/\/uar.es\/index.php?rest_route=%2Fwp%2Fv2%2Fmedia&parent=3631"}],"wp:term":[{"taxonomy":"category","embeddable":true,"href":"https:\/\/uar.es\/index.php?rest_route=%2Fwp%2Fv2%2Fcategories&post=3631"},{"taxonomy":"post_tag","embeddable":true,"href":"https:\/\/uar.es\/index.php?rest_route=%2Fwp%2Fv2%2Ftags&post=3631"}],"curies":[{"name":"wp","href":"https:\/\/api.w.org\/{rel}","templated":true}]}}