{"id":3706,"date":"2021-05-31T16:57:56","date_gmt":"2021-05-31T14:57:56","guid":{"rendered":"https:\/\/uar.es\/?p=3706"},"modified":"2021-05-31T17:21:45","modified_gmt":"2021-05-31T15:21:45","slug":"campionat-de-catalunya-sub23-a-lestadi-de-camp-clar-del-municipi-de-tarragona","status":"publish","type":"post","link":"https:\/\/uar.es\/?p=3706","title":{"rendered":"Campionat de Catalunya Sub23 a l&#8217;estadi de Camp Clar del Municipi de Tarragona."},"content":{"rendered":"\n<p>Cap de&nbsp;setmana&nbsp;intens d&#8217;emocions en el campionat de&nbsp;<strong>Catalunya&nbsp;Sub23, celebrat a l&#8217;estadi de Camp Clar del Municipi de Tarragona.<\/strong><\/p>\n\n\n\n<p>En representaci\u00f3 de la Uni\u00f3 Atl\u00e8tica de Rub\u00ed, <strong>David Jim\u00e9nez&nbsp;Mu\u00f1iz<\/strong>&nbsp;va&nbsp;protagonitzar&nbsp;la seva primera participaci\u00f3 en aquesta categoria en les proves de velocitat de 100&nbsp;i&nbsp;200 metres llisos.<\/p>\n\n\n\n<p>A les llistes d&#8217;inscripcions compareixia amb una marca de 100 metres de&nbsp;10.93&nbsp;per\u00f2&nbsp;el temporal i vent negatiu de&nbsp;3.2&nbsp;m\/s no va fer&nbsp;possible&nbsp;rebaixar aquesta marca i es va&nbsp;haver de&nbsp;conformar amb un temps&nbsp;de 11.12<br>En&nbsp;canvi, va assolir la 1a posici\u00f3 de la seva&nbsp;s\u00e8rie,&nbsp;atorgant-li&nbsp;pas directa a la final.<\/p>\n\n\n\n<p>A la final va poder&nbsp;aconseguir&nbsp;la medalla d&#8217;argent amb un temps&nbsp;de 11.05&nbsp;per\u00f2&nbsp;amb un vent negatiu de&nbsp;3.5&nbsp;m\/s.<\/p>\n\n\n\n<p>De forma molt motivada va&nbsp;c\u00f3rrer&nbsp;la semifinal dels 200 metres, aconseguint tamb\u00e9 una 1a posici\u00f3 que tornava a facilitar-li&nbsp;acc\u00e9s&nbsp;directe a la final, amb un registre de&nbsp;22.79<\/p>\n\n\n\n<p>A la final, l&#8217;esgotament i el vent no van permetre millorar la seva marca personal, tot i que es va quedar molt&nbsp;a prop<br>amb un temps&nbsp;22.29&nbsp;i un altre cop va pujar al podi per penjar-se el bronze.<\/p>\n\n\n\n<p>D&#8217; altra&nbsp;banda, tamb\u00e9 va participar l&#8217;equip femen\u00ed de relleus de la categoria&nbsp;sub18, amb la participaci\u00f3&nbsp;d&#8217; Ona&nbsp;Gombau, Anna Blasco, Ainhoa Cordero i Violeta&nbsp;Vilches, aconseguint una setena posici\u00f3 amb un registre de&nbsp;53.81&nbsp;i assolint una millor marca personal de l&#8217;equip.<\/p>\n\n\n\n<p>Reflexi\u00f3 del campionat:<br>La passi\u00f3 i la const\u00e0ncia diferencien a l&#8217;atleta.<\/p>\n\n\n\n<figure class=\"wp-block-image size-large\"><img loading=\"lazy\" width=\"600\" height=\"450\" src=\"https:\/\/uar.es\/wp-content\/uploads\/2021\/05\/WhatsApp-Image-2021-05-31-at-12.04.27.jpeg\" alt=\"\" class=\"wp-image-3707\" srcset=\"https:\/\/uar.es\/wp-content\/uploads\/2021\/05\/WhatsApp-Image-2021-05-31-at-12.04.27.jpeg 600w, https:\/\/uar.es\/wp-content\/uploads\/2021\/05\/WhatsApp-Image-2021-05-31-at-12.04.27-300x225.jpeg 300w, https:\/\/uar.es\/wp-content\/uploads\/2021\/05\/WhatsApp-Image-2021-05-31-at-12.04.27-500x375.jpeg 500w\" sizes=\"(max-width: 600px) 100vw, 600px\" \/><figcaption>David Jim\u00e9nez i el seu entrenador Jairo Lorenzo<\/figcaption><\/figure>\n\n\n\n<p>Jairo&nbsp;Lorenzo.<\/p>\n","protected":false},"excerpt":{"rendered":"<p>Cap de&nbsp;setmana&nbsp;intens d&#8217;emocions en el campionat de&nbsp;Catalunya&nbsp;Sub23, celebrat a l&#8217;estadi de Camp Clar del Municipi de Tarragona. En representaci\u00f3 de la Uni\u00f3 Atl\u00e8tica de Rub\u00ed, David Jim\u00e9nez&nbsp;Mu\u00f1iz&nbsp;va&nbsp;protagonitzar&nbsp;la seva primera participaci\u00f3 en aquesta categoria en les proves de velocitat de 100&nbsp;i&nbsp;200 metres llisos. A les llistes d&#8217;inscripcions compareixia amb una marca de 100 metres de&nbsp;10.93&nbsp;per\u00f2&nbsp;el temporal [&hellip;]<\/p>\n","protected":false},"author":12,"featured_media":0,"comment_status":"closed","ping_status":"closed","sticky":false,"template":"","format":"standard","meta":[],"categories":[2],"tags":[],"_links":{"self":[{"href":"https:\/\/uar.es\/index.php?rest_route=\/wp\/v2\/posts\/3706"}],"collection":[{"href":"https:\/\/uar.es\/index.php?rest_route=\/wp\/v2\/posts"}],"about":[{"href":"https:\/\/uar.es\/index.php?rest_route=\/wp\/v2\/types\/post"}],"author":[{"embeddable":true,"href":"https:\/\/uar.es\/index.php?rest_route=\/wp\/v2\/users\/12"}],"replies":[{"embeddable":true,"href":"https:\/\/uar.es\/index.php?rest_route=%2Fwp%2Fv2%2Fcomments&post=3706"}],"version-history":[{"count":3,"href":"https:\/\/uar.es\/index.php?rest_route=\/wp\/v2\/posts\/3706\/revisions"}],"predecessor-version":[{"id":3711,"href":"https:\/\/uar.es\/index.php?rest_route=\/wp\/v2\/posts\/3706\/revisions\/3711"}],"wp:attachment":[{"href":"https:\/\/uar.es\/index.php?rest_route=%2Fwp%2Fv2%2Fmedia&parent=3706"}],"wp:term":[{"taxonomy":"category","embeddable":true,"href":"https:\/\/uar.es\/index.php?rest_route=%2Fwp%2Fv2%2Fcategories&post=3706"},{"taxonomy":"post_tag","embeddable":true,"href":"https:\/\/uar.es\/index.php?rest_route=%2Fwp%2Fv2%2Ftags&post=3706"}],"curies":[{"name":"wp","href":"https:\/\/api.w.org\/{rel}","templated":true}]}}