{"id":3804,"date":"2021-07-13T09:26:52","date_gmt":"2021-07-13T07:26:52","guid":{"rendered":"https:\/\/uar.es\/?p=3804"},"modified":"2021-07-13T09:26:54","modified_gmt":"2021-07-13T07:26:54","slug":"david-jimenez-amb-la-seleccio-catalana-al-campionat-despanya-a-hospitalet","status":"publish","type":"post","link":"https:\/\/uar.es\/?p=3804","title":{"rendered":"David Jim\u00e9nez amb la selecci\u00f3 Catalana al Campionat d&#8217;Espanya a Hospitalet"},"content":{"rendered":"\n<p>David Jim\u00e9nez ha estat seleccionat per participar en el relleu&nbsp;mixta&nbsp;del 4&#215;100 en el Campionat d&#8217;Espanya de Federacions celebrat aquest&nbsp;dissabte&nbsp;en jornada vespertina a les pistes d&#8217;atletisme d&#8217;Hospitalet de Llobregat.<\/p>\n\n\n\n<p>L&#8217;ordre de la posta i composici\u00f3 de l&#8217;equip ha estat format per Bernat Canet, David Jim\u00e9nez, Cristina Lara i Anna&nbsp;Monso.<\/p>\n\n\n\n<p>Cap errada a l&#8217;execuci\u00f3 en els\u00a0canvis\u00a0de testimoni ha fet possible que l&#8217;equip catal\u00e0 aconsegueixi la primera posici\u00f3 amb un temps de\u00a043.02.<\/p>\n\n\n\n<p>Jairo Lorenzo<\/p>\n\n\n\n<div class=\"wp-block-image\"><figure class=\"aligncenter size-large\"><a href=\"https:\/\/uar.es\/wp-content\/uploads\/2021\/07\/WhatsApp-Image-2021-07-10-at-23.39.02.jpeg\"><img loading=\"lazy\" width=\"600\" height=\"501\" src=\"https:\/\/uar.es\/wp-content\/uploads\/2021\/07\/WhatsApp-Image-2021-07-10-at-23.39.02.jpeg\" alt=\"\" class=\"wp-image-3805\" srcset=\"https:\/\/uar.es\/wp-content\/uploads\/2021\/07\/WhatsApp-Image-2021-07-10-at-23.39.02.jpeg 600w, https:\/\/uar.es\/wp-content\/uploads\/2021\/07\/WhatsApp-Image-2021-07-10-at-23.39.02-300x251.jpeg 300w, https:\/\/uar.es\/wp-content\/uploads\/2021\/07\/WhatsApp-Image-2021-07-10-at-23.39.02-500x418.jpeg 500w\" sizes=\"(max-width: 600px) 100vw, 600px\" \/><\/a><\/figure><\/div>\n","protected":false},"excerpt":{"rendered":"<p>David Jim\u00e9nez ha estat seleccionat per participar en el relleu&nbsp;mixta&nbsp;del 4&#215;100 en el Campionat d&#8217;Espanya de Federacions celebrat aquest&nbsp;dissabte&nbsp;en jornada vespertina a les pistes d&#8217;atletisme d&#8217;Hospitalet de Llobregat. L&#8217;ordre de la posta i composici\u00f3 de l&#8217;equip ha estat format per Bernat Canet, David Jim\u00e9nez, Cristina Lara i Anna&nbsp;Monso. Cap errada a l&#8217;execuci\u00f3 en els\u00a0canvis\u00a0de testimoni [&hellip;]<\/p>\n","protected":false},"author":12,"featured_media":0,"comment_status":"closed","ping_status":"closed","sticky":false,"template":"","format":"standard","meta":[],"categories":[2],"tags":[],"_links":{"self":[{"href":"https:\/\/uar.es\/index.php?rest_route=\/wp\/v2\/posts\/3804"}],"collection":[{"href":"https:\/\/uar.es\/index.php?rest_route=\/wp\/v2\/posts"}],"about":[{"href":"https:\/\/uar.es\/index.php?rest_route=\/wp\/v2\/types\/post"}],"author":[{"embeddable":true,"href":"https:\/\/uar.es\/index.php?rest_route=\/wp\/v2\/users\/12"}],"replies":[{"embeddable":true,"href":"https:\/\/uar.es\/index.php?rest_route=%2Fwp%2Fv2%2Fcomments&post=3804"}],"version-history":[{"count":1,"href":"https:\/\/uar.es\/index.php?rest_route=\/wp\/v2\/posts\/3804\/revisions"}],"predecessor-version":[{"id":3806,"href":"https:\/\/uar.es\/index.php?rest_route=\/wp\/v2\/posts\/3804\/revisions\/3806"}],"wp:attachment":[{"href":"https:\/\/uar.es\/index.php?rest_route=%2Fwp%2Fv2%2Fmedia&parent=3804"}],"wp:term":[{"taxonomy":"category","embeddable":true,"href":"https:\/\/uar.es\/index.php?rest_route=%2Fwp%2Fv2%2Fcategories&post=3804"},{"taxonomy":"post_tag","embeddable":true,"href":"https:\/\/uar.es\/index.php?rest_route=%2Fwp%2Fv2%2Ftags&post=3804"}],"curies":[{"name":"wp","href":"https:\/\/api.w.org\/{rel}","templated":true}]}}