{"id":3815,"date":"2021-07-19T21:28:17","date_gmt":"2021-07-19T19:28:17","guid":{"rendered":"https:\/\/uar.es\/?p=3815"},"modified":"2021-08-07T16:51:15","modified_gmt":"2021-08-07T14:51:15","slug":"campionat-despanya-sub-16-a-lleida","status":"publish","type":"post","link":"https:\/\/uar.es\/?p=3815","title":{"rendered":"CAMPIONAT D&#8217;ESPANYA SUB 16 A LLEIDA"},"content":{"rendered":"\n<p>Aquest cap de setmana s&#8217;ha disputat a les pistes d&#8217;atletisme \u00abLes bases d&#8217;Alpicat\u00bb, Lleida, el&nbsp;Ct. d&#8217;Espanya&nbsp;Sub16&nbsp;amb la participaci\u00f3 de 3 atletes de la Uni\u00f3 Atl\u00e8tica Rub\u00ed.<\/p>\n\n\n\n<p>Dissabte van participar en la prova dels&nbsp;100mll&nbsp;l&#8217;Iv\u00e1n&nbsp;Garc\u00eda, que amb una excel\u00b7lent semifinal aconseguia entrar a la gran final tot i ser de primer any, i l&#8217;Alba Rodr\u00edguez que disputava els seus primers campionats estatals i que tot i realitzar un grand\u00edssim temps de&nbsp;12.70&nbsp;que suposaven una nova millor marca personal per a ella no va poder entrar a la final i finalment qued\u00e9s la&nbsp;12\u00aa, millor posici\u00f3 amb la qual venia al r\u00e0nquing.<br>A les 19:55 d&#8217;aquell mateix dissabte L&#8217;Ivan disputava la final dels&nbsp;100mll&nbsp;i aconseguia un excepcional&nbsp;4rt&nbsp;lloc, millor posici\u00f3 fins al moment en un estatal per a ell, corrent per carrer 8 sense refer\u00e8ncies i establint un temps d&#8217;11.29&nbsp;molt a prop de la seva marca personal (11.21).<\/p>\n\n\n\n<p>Diumenge al mat\u00ed segu\u00edem amb la participaci\u00f3 dels atletes de la&nbsp;UAR. El mateix&nbsp;Iv\u00e1n&nbsp;Garc\u00eda&nbsp;estava preparat per donar-ho tot al salt de llargada, en el qual venia&nbsp;4rt&nbsp;del r\u00e0nquing estatal i amb possibilitats reals de lluitar les medalles, per\u00f2 unes mol\u00e8sties als isquiotibials va fer que finalment aconsegu\u00eds una magn\u00edfica&nbsp;6\u00aa&nbsp;posici\u00f3 amb un salt de&nbsp;6.20.<br>Per acabar la brutal actuaci\u00f3 rubinenca, diumenge a les&nbsp;18.00h&nbsp;comen\u00e7ava el concurs de salt d&#8217;al\u00e7ada, que comptaria amb el que ara com ara \u00e9s el millor atleta catal\u00e0 de la disciplina, el rubinenc&nbsp;Aketza&nbsp;Sumell. L&#8217;Aketza&nbsp;venia com el principal favorit a l&#8217;or, ja que durant la temporada havia saltat uns espectaculars&nbsp;1.91&nbsp;metres que el situaven al capdavant del r\u00e0nquing estatal, molt seguit del 2n (1.90), per\u00f2 un cop all\u00e0 s&#8217;ha de demostrar tot&nbsp;l&#8217;entrenat&nbsp;i aix\u00ed va ser. Despr\u00e9s d&#8217;un inici complicat, on la gran quantitat d&#8217;atletes que hi participaven (20) va tindre un paper clau, en el qual va saltar a la&nbsp;2\u00aa&nbsp;la primera al\u00e7ada i a la&nbsp;3\u00aa&nbsp;la segona (si hagu\u00e9s quedat eliminat en aquesta al\u00e7ada no&nbsp;hauria&nbsp;fet podi) va solucionar magn\u00edficament els problemes aconseguint saltar a la primera el&nbsp;1.86, salt que li va propiciar la medalla d&#8217;or.<\/p>\n\n\n\n<div class=\"wp-block-image\"><figure class=\"aligncenter size-large\"><a href=\"https:\/\/uar.es\/wp-content\/uploads\/2021\/07\/51324811090_38ca894a44_o.jpg\"><img loading=\"lazy\" width=\"600\" height=\"400\" src=\"https:\/\/uar.es\/wp-content\/uploads\/2021\/07\/51324811090_38ca894a44_o.jpg\" alt=\"\" class=\"wp-image-3824\" srcset=\"https:\/\/uar.es\/wp-content\/uploads\/2021\/07\/51324811090_38ca894a44_o.jpg 600w, https:\/\/uar.es\/wp-content\/uploads\/2021\/07\/51324811090_38ca894a44_o-300x200.jpg 300w, https:\/\/uar.es\/wp-content\/uploads\/2021\/07\/51324811090_38ca894a44_o-500x333.jpg 500w\" sizes=\"(max-width: 600px) 100vw, 600px\" \/><\/a><figcaption>Aketza en el salt d&#8217;al\u00e7ada (Foto Miquel Merino)<\/figcaption><\/figure><\/div>\n\n\n\n<div class=\"wp-block-image\"><figure class=\"aligncenter size-large\"><a href=\"https:\/\/uar.es\/wp-content\/uploads\/2021\/07\/WhatsApp-Image-2021-07-19-at-21.11.17.jpeg\"><img loading=\"lazy\" width=\"600\" height=\"450\" src=\"https:\/\/uar.es\/wp-content\/uploads\/2021\/07\/WhatsApp-Image-2021-07-19-at-21.11.17.jpeg\" alt=\"\" class=\"wp-image-3818\" srcset=\"https:\/\/uar.es\/wp-content\/uploads\/2021\/07\/WhatsApp-Image-2021-07-19-at-21.11.17.jpeg 600w, https:\/\/uar.es\/wp-content\/uploads\/2021\/07\/WhatsApp-Image-2021-07-19-at-21.11.17-300x225.jpeg 300w, https:\/\/uar.es\/wp-content\/uploads\/2021\/07\/WhatsApp-Image-2021-07-19-at-21.11.17-500x375.jpeg 500w\" sizes=\"(max-width: 600px) 100vw, 600px\" \/><\/a><figcaption>Aketza Sumell i Ferran Merino<\/figcaption><\/figure><\/div>\n\n\n\n<div class=\"wp-block-image\"><figure class=\"aligncenter size-large\"><a href=\"https:\/\/uar.es\/wp-content\/uploads\/2021\/07\/MMG5625-17072021-1.jpeg\"><img loading=\"lazy\" width=\"600\" height=\"400\" src=\"https:\/\/uar.es\/wp-content\/uploads\/2021\/07\/MMG5625-17072021-1.jpeg\" alt=\"\" class=\"wp-image-3819\" srcset=\"https:\/\/uar.es\/wp-content\/uploads\/2021\/07\/MMG5625-17072021-1.jpeg 600w, https:\/\/uar.es\/wp-content\/uploads\/2021\/07\/MMG5625-17072021-1-300x200.jpeg 300w, https:\/\/uar.es\/wp-content\/uploads\/2021\/07\/MMG5625-17072021-1-500x333.jpeg 500w\" sizes=\"(max-width: 600px) 100vw, 600px\" \/><\/a><figcaption>Alba Rodr\u00edguez als 100mll (Foto Miquel Merino)<\/figcaption><\/figure><\/div>\n\n\n\n<div class=\"wp-block-image\"><figure class=\"aligncenter size-large\"><a href=\"https:\/\/uar.es\/wp-content\/uploads\/2021\/07\/MMG5983-17072021-1.jpeg\"><img loading=\"lazy\" width=\"400\" height=\"600\" src=\"https:\/\/uar.es\/wp-content\/uploads\/2021\/07\/MMG5983-17072021-1.jpeg\" alt=\"\" class=\"wp-image-3821\" srcset=\"https:\/\/uar.es\/wp-content\/uploads\/2021\/07\/MMG5983-17072021-1.jpeg 400w, https:\/\/uar.es\/wp-content\/uploads\/2021\/07\/MMG5983-17072021-1-200x300.jpeg 200w\" sizes=\"(max-width: 400px) 100vw, 400px\" \/><\/a><figcaption>Iv\u00e1n Garc\u00eda als 100mll (Foto Miquel Merino)<\/figcaption><\/figure><\/div>\n\n\n\n<p><\/p>\n","protected":false},"excerpt":{"rendered":"<p>Aquest cap de setmana s&#8217;ha disputat a les pistes d&#8217;atletisme \u00abLes bases d&#8217;Alpicat\u00bb, Lleida, el&nbsp;Ct. d&#8217;Espanya&nbsp;Sub16&nbsp;amb la participaci\u00f3 de 3 atletes de la Uni\u00f3 Atl\u00e8tica Rub\u00ed. Dissabte van participar en la prova dels&nbsp;100mll&nbsp;l&#8217;Iv\u00e1n&nbsp;Garc\u00eda, que amb una excel\u00b7lent semifinal aconseguia entrar a la gran final tot i ser de primer any, i l&#8217;Alba Rodr\u00edguez que disputava [&hellip;]<\/p>\n","protected":false},"author":12,"featured_media":0,"comment_status":"closed","ping_status":"closed","sticky":false,"template":"","format":"standard","meta":[],"categories":[2],"tags":[],"_links":{"self":[{"href":"https:\/\/uar.es\/index.php?rest_route=\/wp\/v2\/posts\/3815"}],"collection":[{"href":"https:\/\/uar.es\/index.php?rest_route=\/wp\/v2\/posts"}],"about":[{"href":"https:\/\/uar.es\/index.php?rest_route=\/wp\/v2\/types\/post"}],"author":[{"embeddable":true,"href":"https:\/\/uar.es\/index.php?rest_route=\/wp\/v2\/users\/12"}],"replies":[{"embeddable":true,"href":"https:\/\/uar.es\/index.php?rest_route=%2Fwp%2Fv2%2Fcomments&post=3815"}],"version-history":[{"count":2,"href":"https:\/\/uar.es\/index.php?rest_route=\/wp\/v2\/posts\/3815\/revisions"}],"predecessor-version":[{"id":3825,"href":"https:\/\/uar.es\/index.php?rest_route=\/wp\/v2\/posts\/3815\/revisions\/3825"}],"wp:attachment":[{"href":"https:\/\/uar.es\/index.php?rest_route=%2Fwp%2Fv2%2Fmedia&parent=3815"}],"wp:term":[{"taxonomy":"category","embeddable":true,"href":"https:\/\/uar.es\/index.php?rest_route=%2Fwp%2Fv2%2Fcategories&post=3815"},{"taxonomy":"post_tag","embeddable":true,"href":"https:\/\/uar.es\/index.php?rest_route=%2Fwp%2Fv2%2Ftags&post=3815"}],"curies":[{"name":"wp","href":"https:\/\/api.w.org\/{rel}","templated":true}]}}