{"id":3863,"date":"2021-10-26T11:53:20","date_gmt":"2021-10-26T09:53:20","guid":{"rendered":"https:\/\/uar.es\/?p=3863"},"modified":"2021-10-26T11:53:22","modified_gmt":"2021-10-26T09:53:22","slug":"cto-de-cataluna-de-otono-2021","status":"publish","type":"post","link":"https:\/\/uar.es\/?p=3863","title":{"rendered":"Cto. de Catalu\u00f1a de Oto\u00f1o 2021"},"content":{"rendered":"\n<p>Celebradas las cuatro jornadas previas para el Campeonato de Catalu\u00f1a de oto\u00f1o, los cinco lanzadores de la UAR pasan a la jornada final que se celebrar\u00e1 el d\u00eda 7 de noviembre.<\/p>\n\n\n\n<p>Atletas y pruebas<\/p>\n\n\n\n<p class=\"has-small-font-size\">Sub16 <\/p>\n\n\n\n<p class=\"has-small-font-size\">Mart\u00ed Ardevol Peso 10,91\/ Disco 32,08<\/p>\n\n\n\n<p class=\"has-small-font-size\">Estefany Ba Peso 9,46\/ Disco 32,08<\/p>\n\n\n\n<p class=\"has-small-font-size\">Sub14<\/p>\n\n\n\n<p class=\"has-small-font-size\">D\u00eddac Vil\u00e0 Disco 25,14 (MMT) Peso 8,72 (MMT)<\/p>\n\n\n\n<p class=\"has-small-font-size\">Ramiro Lozano Peso 8,07\/ Disco 24,89 (MMT)\/ jabalina 25,68 (MMT) <\/p>\n\n\n\n<p class=\"has-small-font-size\">Adri\u00e0 Blanch Peso 8,08 (MMT)\/ Martillo 17,73 (MMT)<\/p>\n\n\n\n<figure class=\"wp-block-image size-large\"><a href=\"https:\/\/uar.es\/wp-content\/uploads\/2021\/10\/IMG-20211026-WA0001.jpg\"><img loading=\"lazy\" width=\"600\" height=\"450\" src=\"https:\/\/uar.es\/wp-content\/uploads\/2021\/10\/IMG-20211026-WA0001.jpg\" alt=\"\" class=\"wp-image-3864\" srcset=\"https:\/\/uar.es\/wp-content\/uploads\/2021\/10\/IMG-20211026-WA0001.jpg 600w, https:\/\/uar.es\/wp-content\/uploads\/2021\/10\/IMG-20211026-WA0001-300x225.jpg 300w, https:\/\/uar.es\/wp-content\/uploads\/2021\/10\/IMG-20211026-WA0001-500x375.jpg 500w\" sizes=\"(max-width: 600px) 100vw, 600px\" \/><\/a><\/figure>\n\n\n\n<p><\/p>\n","protected":false},"excerpt":{"rendered":"<p>Celebradas las cuatro jornadas previas para el Campeonato de Catalu\u00f1a de oto\u00f1o, los cinco lanzadores de la UAR pasan a la jornada final que se celebrar\u00e1 el d\u00eda 7 de noviembre. Atletas y pruebas Sub16 Mart\u00ed Ardevol Peso 10,91\/ Disco 32,08 Estefany Ba Peso 9,46\/ Disco 32,08 Sub14 D\u00eddac Vil\u00e0 Disco 25,14 (MMT) Peso 8,72 [&hellip;]<\/p>\n","protected":false},"author":12,"featured_media":0,"comment_status":"closed","ping_status":"closed","sticky":false,"template":"","format":"standard","meta":[],"categories":[2],"tags":[],"_links":{"self":[{"href":"https:\/\/uar.es\/index.php?rest_route=\/wp\/v2\/posts\/3863"}],"collection":[{"href":"https:\/\/uar.es\/index.php?rest_route=\/wp\/v2\/posts"}],"about":[{"href":"https:\/\/uar.es\/index.php?rest_route=\/wp\/v2\/types\/post"}],"author":[{"embeddable":true,"href":"https:\/\/uar.es\/index.php?rest_route=\/wp\/v2\/users\/12"}],"replies":[{"embeddable":true,"href":"https:\/\/uar.es\/index.php?rest_route=%2Fwp%2Fv2%2Fcomments&post=3863"}],"version-history":[{"count":1,"href":"https:\/\/uar.es\/index.php?rest_route=\/wp\/v2\/posts\/3863\/revisions"}],"predecessor-version":[{"id":3865,"href":"https:\/\/uar.es\/index.php?rest_route=\/wp\/v2\/posts\/3863\/revisions\/3865"}],"wp:attachment":[{"href":"https:\/\/uar.es\/index.php?rest_route=%2Fwp%2Fv2%2Fmedia&parent=3863"}],"wp:term":[{"taxonomy":"category","embeddable":true,"href":"https:\/\/uar.es\/index.php?rest_route=%2Fwp%2Fv2%2Fcategories&post=3863"},{"taxonomy":"post_tag","embeddable":true,"href":"https:\/\/uar.es\/index.php?rest_route=%2Fwp%2Fv2%2Ftags&post=3863"}],"curies":[{"name":"wp","href":"https:\/\/api.w.org\/{rel}","templated":true}]}}