{"id":3888,"date":"2021-11-24T16:43:19","date_gmt":"2021-11-24T14:43:19","guid":{"rendered":"https:\/\/uar.es\/?p=3888"},"modified":"2021-11-24T16:43:21","modified_gmt":"2021-11-24T14:43:21","slug":"campionat-despanya-autonomic-sub16-18","status":"publish","type":"post","link":"https:\/\/uar.es\/?p=3888","title":{"rendered":"Campionat d&#8217;Espanya auton\u00f2mic Sub16-18"},"content":{"rendered":"\n<p><br>Amb un excel\u00b7lent comen\u00e7ament de temporada en el que el nostre atleta l&#8217;Adri\u00e0 Fern\u00e1ndez est\u00e0 situat tercer al ranking del Gran Premi Catal\u00e0 de cros i amb una excel\u00b7lent progresio l&#8217;Adri\u00e0 ha sigut seleccionat per disputar amb la selecci\u00f3 Catalana els campionats d&#8217;Espanya auton\u00f2mics de cros que es disputaran el pr\u00f2xim 5 de Desembre a Oviedo.For\u00e7a i molta sort campi\u00f3. Felicitats tamb\u00e9 al seu entrenador David Madrid.<\/p>\n\n\n\n<figure class=\"wp-block-image size-large\"><a href=\"https:\/\/uar.es\/wp-content\/uploads\/2021\/11\/IMG-20211124-WA0011.jpg\"><img loading=\"lazy\" width=\"282\" height=\"600\" src=\"https:\/\/uar.es\/wp-content\/uploads\/2021\/11\/IMG-20211124-WA0011.jpg\" alt=\"\" class=\"wp-image-3889\" srcset=\"https:\/\/uar.es\/wp-content\/uploads\/2021\/11\/IMG-20211124-WA0011.jpg 282w, https:\/\/uar.es\/wp-content\/uploads\/2021\/11\/IMG-20211124-WA0011-141x300.jpg 141w\" sizes=\"(max-width: 282px) 100vw, 282px\" \/><\/a><\/figure>\n","protected":false},"excerpt":{"rendered":"<p>Amb un excel\u00b7lent comen\u00e7ament de temporada en el que el nostre atleta l&#8217;Adri\u00e0 Fern\u00e1ndez est\u00e0 situat tercer al ranking del Gran Premi Catal\u00e0 de cros i amb una excel\u00b7lent progresio l&#8217;Adri\u00e0 ha sigut seleccionat per disputar amb la selecci\u00f3 Catalana els campionats d&#8217;Espanya auton\u00f2mics de cros que es disputaran el pr\u00f2xim 5 de Desembre a [&hellip;]<\/p>\n","protected":false},"author":12,"featured_media":0,"comment_status":"closed","ping_status":"closed","sticky":false,"template":"","format":"standard","meta":[],"categories":[2],"tags":[],"_links":{"self":[{"href":"https:\/\/uar.es\/index.php?rest_route=\/wp\/v2\/posts\/3888"}],"collection":[{"href":"https:\/\/uar.es\/index.php?rest_route=\/wp\/v2\/posts"}],"about":[{"href":"https:\/\/uar.es\/index.php?rest_route=\/wp\/v2\/types\/post"}],"author":[{"embeddable":true,"href":"https:\/\/uar.es\/index.php?rest_route=\/wp\/v2\/users\/12"}],"replies":[{"embeddable":true,"href":"https:\/\/uar.es\/index.php?rest_route=%2Fwp%2Fv2%2Fcomments&post=3888"}],"version-history":[{"count":1,"href":"https:\/\/uar.es\/index.php?rest_route=\/wp\/v2\/posts\/3888\/revisions"}],"predecessor-version":[{"id":3890,"href":"https:\/\/uar.es\/index.php?rest_route=\/wp\/v2\/posts\/3888\/revisions\/3890"}],"wp:attachment":[{"href":"https:\/\/uar.es\/index.php?rest_route=%2Fwp%2Fv2%2Fmedia&parent=3888"}],"wp:term":[{"taxonomy":"category","embeddable":true,"href":"https:\/\/uar.es\/index.php?rest_route=%2Fwp%2Fv2%2Fcategories&post=3888"},{"taxonomy":"post_tag","embeddable":true,"href":"https:\/\/uar.es\/index.php?rest_route=%2Fwp%2Fv2%2Ftags&post=3888"}],"curies":[{"name":"wp","href":"https:\/\/api.w.org\/{rel}","templated":true}]}}