{"id":3893,"date":"2022-02-09T11:18:30","date_gmt":"2022-02-09T09:18:30","guid":{"rendered":"https:\/\/uar.es\/?p=3893"},"modified":"2022-02-09T11:18:30","modified_gmt":"2022-02-09T09:18:30","slug":"campeonato-de-cataluna-sub23-y-absoluto-de-pista-cubierta-2022","status":"publish","type":"post","link":"https:\/\/uar.es\/?p=3893","title":{"rendered":"Campeonato de Catalu\u00f1a Sub23 y Absoluto de Pista Cubierta 2022"},"content":{"rendered":"\n<p>El domingo pasado se celebr\u00f3 el Campeonato de Catalu\u00f1a Sub23 y Absoluto.<br>El atleta m\u00e1ster, Jairo Lorenzo, particip\u00f3 en la prueba de los 60 metros vallas, con un registro de 10.31, quedando en el puesto 19\u00ba de la general.<br>Alba Rodr\u00edguez, una de las atletas m\u00e1s j\u00f3venes del campeonato, con tan solo 15 a\u00f1os debut\u00f3 en su primer campeonato absoluto en la prueba de los 60 metros lisos, consiguiendo una marca de 7.96, muy cerca de su mejor marca personal, quedando en 4\u00aa posici\u00f3n de su serie y quedando a pocos puestos de la Final.<br>David Jim\u00e9nez, atleta reconocido por una fant\u00e1stica temporada 2021, particip\u00f3 en las pruebas de 60 y 200 metros lisos.<br>En la semifinal del 60, se clasific\u00f3 en 2\u00b0 lugar con una mejor marca personal de 6.93, volviendo a batir el r\u00e9cord hist\u00f3rico del club y consiguiendo la m\u00ednima para participar en el Campeonato de Espa\u00f1a, que se celebrar\u00e1 el fin de semana del 19-20 de febrero en la pista Carlos Gil P\u00e9rez, de la ciudad de Salamanca.<br>En la final, y con un tiempo de 6.98, pudo colgarse la medalla de bronce de su categor\u00eda Sub23,  quedando a su vez en 5\u00aa posici\u00f3n de la categor\u00eda absoluta.<br>En la semifinal de los 200 metros se consigui\u00f3 clasificar en primera posici\u00f3n, d\u00e1ndole pase directo a la final, con un tiempo de 22.43.<br>En la final, tambi\u00e9n consigui\u00f3 la medalla de bronce en categor\u00eda Sub23 y 6\u00b0 absoluto, con una mejor marca de la temporada de invierno de 22.2<\/p>\n\n\n\n<figure class=\"wp-container-2 wp-block-gallery-1 wp-block-gallery columns-1 is-cropped\"><ul class=\"blocks-gallery-grid\"><li class=\"blocks-gallery-item\"><figure><a href=\"https:\/\/uar.es\/wp-content\/uploads\/2022\/02\/1644396898052.jpg\"><img loading=\"lazy\" width=\"600\" height=\"233\" src=\"https:\/\/uar.es\/wp-content\/uploads\/2022\/02\/1644396898052.jpg\" alt=\"\" data-id=\"3894\" data-full-url=\"https:\/\/uar.es\/wp-content\/uploads\/2022\/02\/1644396898052.jpg\" data-link=\"https:\/\/uar.es\/?attachment_id=3894\" class=\"wp-image-3894\" srcset=\"https:\/\/uar.es\/wp-content\/uploads\/2022\/02\/1644396898052.jpg 600w, https:\/\/uar.es\/wp-content\/uploads\/2022\/02\/1644396898052-300x117.jpg 300w, https:\/\/uar.es\/wp-content\/uploads\/2022\/02\/1644396898052-500x194.jpg 500w\" sizes=\"(max-width: 600px) 100vw, 600px\" \/><\/a><\/figure><\/li><\/ul><\/figure>\n\n\n\n<figure class=\"wp-container-4 wp-block-gallery-3 wp-block-gallery columns-1 is-cropped\"><ul class=\"blocks-gallery-grid\"><li class=\"blocks-gallery-item\"><figure><a href=\"https:\/\/uar.es\/wp-content\/uploads\/2022\/02\/IMG-20220207-WA0009.jpg\"><img loading=\"lazy\" width=\"399\" height=\"600\" src=\"https:\/\/uar.es\/wp-content\/uploads\/2022\/02\/IMG-20220207-WA0009.jpg\" alt=\"\" data-id=\"3895\" data-full-url=\"https:\/\/uar.es\/wp-content\/uploads\/2022\/02\/IMG-20220207-WA0009.jpg\" data-link=\"https:\/\/uar.es\/?attachment_id=3895\" class=\"wp-image-3895\" srcset=\"https:\/\/uar.es\/wp-content\/uploads\/2022\/02\/IMG-20220207-WA0009.jpg 399w, https:\/\/uar.es\/wp-content\/uploads\/2022\/02\/IMG-20220207-WA0009-200x300.jpg 200w\" sizes=\"(max-width: 399px) 100vw, 399px\" \/><\/a><\/figure><\/li><\/ul><\/figure>\n\n\n\n<p>*Fotos cortes\u00eda (por este orden): Jordi Pons Orteu y Miquel Merino<\/p>\n","protected":false},"excerpt":{"rendered":"<p>El domingo pasado se celebr\u00f3 el Campeonato de Catalu\u00f1a Sub23 y Absoluto.El atleta m\u00e1ster, Jairo Lorenzo, particip\u00f3 en la prueba de los 60 metros vallas, con un registro de 10.31, quedando en el puesto 19\u00ba de la general.Alba Rodr\u00edguez, una de las atletas m\u00e1s j\u00f3venes del campeonato, con tan solo 15 a\u00f1os debut\u00f3 en su [&hellip;]<\/p>\n","protected":false},"author":12,"featured_media":0,"comment_status":"closed","ping_status":"closed","sticky":false,"template":"","format":"standard","meta":[],"categories":[2],"tags":[],"_links":{"self":[{"href":"https:\/\/uar.es\/index.php?rest_route=\/wp\/v2\/posts\/3893"}],"collection":[{"href":"https:\/\/uar.es\/index.php?rest_route=\/wp\/v2\/posts"}],"about":[{"href":"https:\/\/uar.es\/index.php?rest_route=\/wp\/v2\/types\/post"}],"author":[{"embeddable":true,"href":"https:\/\/uar.es\/index.php?rest_route=\/wp\/v2\/users\/12"}],"replies":[{"embeddable":true,"href":"https:\/\/uar.es\/index.php?rest_route=%2Fwp%2Fv2%2Fcomments&post=3893"}],"version-history":[{"count":0,"href":"https:\/\/uar.es\/index.php?rest_route=\/wp\/v2\/posts\/3893\/revisions"}],"wp:attachment":[{"href":"https:\/\/uar.es\/index.php?rest_route=%2Fwp%2Fv2%2Fmedia&parent=3893"}],"wp:term":[{"taxonomy":"category","embeddable":true,"href":"https:\/\/uar.es\/index.php?rest_route=%2Fwp%2Fv2%2Fcategories&post=3893"},{"taxonomy":"post_tag","embeddable":true,"href":"https:\/\/uar.es\/index.php?rest_route=%2Fwp%2Fv2%2Ftags&post=3893"}],"curies":[{"name":"wp","href":"https:\/\/api.w.org\/{rel}","templated":true}]}}