{"id":3945,"date":"2022-03-08T15:07:50","date_gmt":"2022-03-08T13:07:50","guid":{"rendered":"https:\/\/uar.es\/?p=3945"},"modified":"2022-03-08T15:09:10","modified_gmt":"2022-03-08T13:09:10","slug":"campeonato-de-espana-sub18-pc-valencia-marzo2022","status":"publish","type":"post","link":"https:\/\/uar.es\/?p=3945","title":{"rendered":"Campeonato de Espa\u00f1a sub18, PC. Valencia, marzo 2022"},"content":{"rendered":"\n<figure class=\"wp-block-image size-large\"><a href=\"https:\/\/uar.es\/wp-content\/uploads\/2022\/03\/1646743065539.jpg\"><img loading=\"lazy\" width=\"600\" height=\"403\" src=\"https:\/\/uar.es\/wp-content\/uploads\/2022\/03\/1646743065539.jpg\" alt=\"\" class=\"wp-image-3946\" srcset=\"https:\/\/uar.es\/wp-content\/uploads\/2022\/03\/1646743065539.jpg 600w, https:\/\/uar.es\/wp-content\/uploads\/2022\/03\/1646743065539-300x202.jpg 300w, https:\/\/uar.es\/wp-content\/uploads\/2022\/03\/1646743065539-500x336.jpg 500w\" sizes=\"(max-width: 600px) 100vw, 600px\" \/><\/a><\/figure>\n\n\n\n<p>Dos de nuestros atletas se desplazaron hasta Valencia para participar en el 42\u00ba Campeonato de Espa\u00f1a sub 18. <\/p>\n\n\n\n<p>Aketza Sumell en la prueba de Altura donde qued\u00f3 en 4\u00aa posici\u00f3n con una MMP de 1,94 en un concurso de alt\u00edsimo nivel. Aketza tuvo que retirarse por lesi\u00f3n lo que le dej\u00f3 sin posibilidad de optar por las medallas. Felicidades Aketza y a su entrenador Marc Tusset.<\/p>\n\n\n\n<p>En la prueba de 60 ml Alba Rodr\u00edguez, tras un espectacular calentamiento donde dejaba constancia que llegaba en su mejor momento, no pudo correr finalmente por un error t\u00e9cnico. \u00c1nimo a Alba y a su entrenadora Arantza Barroeta.<\/p>\n\n\n\n<p>Felicidades a ambos atletas por vuestro compromiso y empe\u00f1o. Los frutos con seguridad saldr\u00e1n en Aire Libre.<\/p>\n\n\n\n<p>Foto cortes\u00eda de Miguelez Team.<\/p>\n","protected":false},"excerpt":{"rendered":"<p>Dos de nuestros atletas se desplazaron hasta Valencia para participar en el 42\u00ba Campeonato de Espa\u00f1a sub 18. Aketza Sumell en la prueba de Altura donde qued\u00f3 en 4\u00aa posici\u00f3n con una MMP de 1,94 en un concurso de alt\u00edsimo nivel. Aketza tuvo que retirarse por lesi\u00f3n lo que le dej\u00f3 sin posibilidad de optar [&hellip;]<\/p>\n","protected":false},"author":12,"featured_media":0,"comment_status":"closed","ping_status":"closed","sticky":false,"template":"","format":"standard","meta":[],"categories":[2],"tags":[],"_links":{"self":[{"href":"https:\/\/uar.es\/index.php?rest_route=\/wp\/v2\/posts\/3945"}],"collection":[{"href":"https:\/\/uar.es\/index.php?rest_route=\/wp\/v2\/posts"}],"about":[{"href":"https:\/\/uar.es\/index.php?rest_route=\/wp\/v2\/types\/post"}],"author":[{"embeddable":true,"href":"https:\/\/uar.es\/index.php?rest_route=\/wp\/v2\/users\/12"}],"replies":[{"embeddable":true,"href":"https:\/\/uar.es\/index.php?rest_route=%2Fwp%2Fv2%2Fcomments&post=3945"}],"version-history":[{"count":2,"href":"https:\/\/uar.es\/index.php?rest_route=\/wp\/v2\/posts\/3945\/revisions"}],"predecessor-version":[{"id":3948,"href":"https:\/\/uar.es\/index.php?rest_route=\/wp\/v2\/posts\/3945\/revisions\/3948"}],"wp:attachment":[{"href":"https:\/\/uar.es\/index.php?rest_route=%2Fwp%2Fv2%2Fmedia&parent=3945"}],"wp:term":[{"taxonomy":"category","embeddable":true,"href":"https:\/\/uar.es\/index.php?rest_route=%2Fwp%2Fv2%2Fcategories&post=3945"},{"taxonomy":"post_tag","embeddable":true,"href":"https:\/\/uar.es\/index.php?rest_route=%2Fwp%2Fv2%2Ftags&post=3945"}],"curies":[{"name":"wp","href":"https:\/\/api.w.org\/{rel}","templated":true}]}}