{"id":3991,"date":"2022-05-15T20:26:07","date_gmt":"2022-05-15T18:26:07","guid":{"rendered":"https:\/\/uar.es\/?p=3991"},"modified":"2022-08-21T22:42:55","modified_gmt":"2022-08-21T20:42:55","slug":"casal-destiu-de-la-uar","status":"publish","type":"post","link":"https:\/\/uar.es\/?p=3991","title":{"rendered":"CASAL D\u00b4ESTIU DE LA UAR"},"content":{"rendered":"\n<p>link:&nbsp;<a href=\"https:\/\/forms.gle\/kQVjeqMMn15Z68vr7\" target=\"_blank\" rel=\"noreferrer noopener\">https:\/\/forms.gle\/kQVjeqMMn15Z68vr7<\/a><\/p>\n\n\n\n<figure class=\"wp-block-image size-large is-resized\"><a href=\"https:\/\/uar.es\/wp-content\/uploads\/2022\/05\/1651578290248-1.jpg\"><img loading=\"lazy\" src=\"https:\/\/uar.es\/wp-content\/uploads\/2022\/05\/1651578290248-1.jpg\" alt=\"\" class=\"wp-image-3993\" width=\"458\" height=\"648\" srcset=\"https:\/\/uar.es\/wp-content\/uploads\/2022\/05\/1651578290248-1.jpg 424w, https:\/\/uar.es\/wp-content\/uploads\/2022\/05\/1651578290248-1-212x300.jpg 212w\" sizes=\"(max-width: 458px) 100vw, 458px\" \/><\/a><\/figure>\n\n\n\n<p>Bones papis i mamis! S&#8217;obren les inscripcions pel casal d&#8217;estiu de la Uni\u00f3 Atl\u00e8tica Rub\u00ed. Amb moltes activitats com: piscina cada dia, visita al CAR de Sant Cugat, molt atletisme, trail running, activitats en angl\u00e8s i molt m\u00e9s. A m\u00e9s, el dimarts dia 17 de maig, a les 19:30, farem una reuni\u00f3 informativa on s&#8217;explicaran totes les caracter\u00edstiques del casal i on podrem resoldre els vostres dubtes. Per fer la inscripci\u00f3 us adjuntem el link:&nbsp;<a rel=\"noreferrer noopener\" href=\"https:\/\/forms.gle\/kQVjeqMMn15Z68vr7\" target=\"_blank\">https:\/\/forms.gle\/kQVjeqMMn15Z68vr7<\/a><\/p>\n","protected":false},"excerpt":{"rendered":"<p>link:&nbsp;https:\/\/forms.gle\/kQVjeqMMn15Z68vr7 Bones papis i mamis! S&#8217;obren les inscripcions pel casal d&#8217;estiu de la Uni\u00f3 Atl\u00e8tica Rub\u00ed. Amb moltes activitats com: piscina cada dia, visita al CAR de Sant Cugat, molt atletisme, trail running, activitats en angl\u00e8s i molt m\u00e9s. A m\u00e9s, el dimarts dia 17 de maig, a les 19:30, farem una reuni\u00f3 informativa on [&hellip;]<\/p>\n","protected":false},"author":12,"featured_media":0,"comment_status":"closed","ping_status":"closed","sticky":false,"template":"","format":"standard","meta":[],"categories":[2],"tags":[],"_links":{"self":[{"href":"https:\/\/uar.es\/index.php?rest_route=\/wp\/v2\/posts\/3991"}],"collection":[{"href":"https:\/\/uar.es\/index.php?rest_route=\/wp\/v2\/posts"}],"about":[{"href":"https:\/\/uar.es\/index.php?rest_route=\/wp\/v2\/types\/post"}],"author":[{"embeddable":true,"href":"https:\/\/uar.es\/index.php?rest_route=\/wp\/v2\/users\/12"}],"replies":[{"embeddable":true,"href":"https:\/\/uar.es\/index.php?rest_route=%2Fwp%2Fv2%2Fcomments&post=3991"}],"version-history":[{"count":3,"href":"https:\/\/uar.es\/index.php?rest_route=\/wp\/v2\/posts\/3991\/revisions"}],"predecessor-version":[{"id":4060,"href":"https:\/\/uar.es\/index.php?rest_route=\/wp\/v2\/posts\/3991\/revisions\/4060"}],"wp:attachment":[{"href":"https:\/\/uar.es\/index.php?rest_route=%2Fwp%2Fv2%2Fmedia&parent=3991"}],"wp:term":[{"taxonomy":"category","embeddable":true,"href":"https:\/\/uar.es\/index.php?rest_route=%2Fwp%2Fv2%2Fcategories&post=3991"},{"taxonomy":"post_tag","embeddable":true,"href":"https:\/\/uar.es\/index.php?rest_route=%2Fwp%2Fv2%2Ftags&post=3991"}],"curies":[{"name":"wp","href":"https:\/\/api.w.org\/{rel}","templated":true}]}}