{"id":4008,"date":"2022-05-30T18:34:07","date_gmt":"2022-05-30T16:34:07","guid":{"rendered":"https:\/\/uar.es\/?p=4008"},"modified":"2022-05-30T18:34:09","modified_gmt":"2022-05-30T16:34:09","slug":"cto-de-cataluna-sub18-de-aire-libre-manresa","status":"publish","type":"post","link":"https:\/\/uar.es\/?p=4008","title":{"rendered":"Cto. de Catalu\u00f1a sub18 de Aire Libre, Manresa"},"content":{"rendered":"\n<figure class=\"wp-block-image size-large\"><a href=\"https:\/\/uar.es\/67515bd6-d911-468e-bc43-286f5c286374\"><img src=\"https:\/\/uar.es\/67515bd6-d911-468e-bc43-286f5c286374\" alt=\"\" \/><\/a><\/figure>\n\n\n\n<figure class=\"wp-block-image\"><img alt=\"\" \/><\/figure>\n\n\n\n<figure class=\"wp-block-image size-large\"><a href=\"https:\/\/uar.es\/wp-content\/uploads\/2022\/05\/1653927206132-1.jpg\"><img loading=\"lazy\" width=\"600\" height=\"520\" src=\"https:\/\/uar.es\/wp-content\/uploads\/2022\/05\/1653927206132-1.jpg\" alt=\"\" class=\"wp-image-4011\" srcset=\"https:\/\/uar.es\/wp-content\/uploads\/2022\/05\/1653927206132-1.jpg 600w, https:\/\/uar.es\/wp-content\/uploads\/2022\/05\/1653927206132-1-300x260.jpg 300w, https:\/\/uar.es\/wp-content\/uploads\/2022\/05\/1653927206132-1-500x433.jpg 500w\" sizes=\"(max-width: 600px) 100vw, 600px\" \/><\/a><\/figure>\n\n\n\n<figure class=\"wp-block-image size-large\"><a href=\"https:\/\/uar.es\/wp-content\/uploads\/2022\/05\/1653926476644-2.jpg\"><img loading=\"lazy\" width=\"600\" height=\"269\" src=\"https:\/\/uar.es\/wp-content\/uploads\/2022\/05\/1653926476644-2.jpg\" alt=\"\" class=\"wp-image-4012\" srcset=\"https:\/\/uar.es\/wp-content\/uploads\/2022\/05\/1653926476644-2.jpg 600w, https:\/\/uar.es\/wp-content\/uploads\/2022\/05\/1653926476644-2-300x135.jpg 300w, https:\/\/uar.es\/wp-content\/uploads\/2022\/05\/1653926476644-2-500x224.jpg 500w\" sizes=\"(max-width: 600px) 100vw, 600px\" \/><\/a><\/figure>\n\n\n\n<figure class=\"wp-block-image size-large is-resized\"><a href=\"https:\/\/uar.es\/wp-content\/uploads\/2022\/05\/1653926476658.jpg\"><img loading=\"lazy\" src=\"https:\/\/uar.es\/wp-content\/uploads\/2022\/05\/1653926476658.jpg\" alt=\"\" class=\"wp-image-4013\" width=\"306\" height=\"545\" srcset=\"https:\/\/uar.es\/wp-content\/uploads\/2022\/05\/1653926476658.jpg 337w, https:\/\/uar.es\/wp-content\/uploads\/2022\/05\/1653926476658-169x300.jpg 169w\" sizes=\"(max-width: 306px) 100vw, 306px\" \/><\/a><\/figure>\n\n\n\n<p>R\u00e8cord hist\u00f2ric en participaci\u00f3 d&#8217;atletes rubinencs al Campionat de Catalunya sub18, celebrat aquest dissabte a Manresa, a les pistes d&#8217;atletisme El Congost.<br>S&#8217;obria la participaci\u00f3 a la prova de salt d&#8217;al\u00e7ada, amb Aketza Saumell, on va a conseguir la medalla d&#8217;argent, amb una marca de 1.88 cm.<br>Als 100 metres lisos masculins, amb 4 atletes de la Uni\u00f3 Atl\u00e8tica Rub\u00ed, el club amb m\u00e9s integrants de tot el campionat en una mateixa prova.Jan Vila, Alejandro Encinas y H.G. no van poder passar a la final, amb 11.66, 11.70 y 11.81, respectivament.Ferran Soler, amb 11.58, si que li va permetre participar a la final, aconseguint una molt merescuda 8a posici\u00f3.<br>Alba Rodr\u00edguez, va guanyar la seva semifinal amb un registre de 12.49, donant-li acc\u00e9s directe a la final sense preocupacions.A la final va demostrar la seva qualitat com atleta pujant al podi, penjant-se la medalla de bronce, amb una MMP (millor marca personal) de 12.39 i assegurant-se una bona posici\u00f3 al ranking d&#8217;Espanya per poder participar al campionat estatal, que se celebrar\u00e0 el 18 i 19 de juny a Jerez de la Frontera.<br>Pol Cordero va participar al salt de llargada, i amb una marca de 6.04, li va permetre la 8a posici\u00f3.<br>En Pol, tamb\u00e9 va participar a la prova de 110 metres tanques i amb un registre de 15.49 va poder classificar-se per la final.A la final, amb molta mala sort, se li va sortir la sabata i no va poder finalitzar la prova.<br>Violeta Vilches, als 400 metres tanques, tamb\u00e9 es va classificar per la final amb un temps de 1.10.26.Tamb\u00e9 va participar als 100 metres tanques, amb una marca de 17.15, pero la 5a posici\u00f3 a la seva serie no va ser suficient per poder c\u00f2rrer la final.<br>Despr\u00e9s d&#8217;aquestes dues curses no li van quedar gaires forces per la final dels 400 tanques, pero va acabar dignament i amb molt esfor\u00e7 amb un temps de 1.14.74<br>Els mateixos atletes de la prova de 100 metres, van participar als 200 metres.Jan Vila, Ferran Soler, Alejandro Encina y H.G. van fer un registre de 23.82 MMP 23.81, 23.56 MMP i 23.52 com a millor marca de la temporada.<br>A la prova dels 3000 metres lisos, Alexandre Valls va aconseguir una 7a posici\u00f3 amb un temps de 10.12.01 i Adri\u00e1n Mac\u00edas, bronce amb una marca de 9.23.08<br>A les proves de llen\u00e7aments, Laia Areste i Mart\u00ed Ard\u00e8vol, al disc, van fer una marca de 24.58 cm i 30.73 cm, quedant a la posici\u00f3 10a i 8a, respectivament.<br>Luc\u00eda Vel\u00e1zquez, a Martell, amb 35.90 cm, la posici\u00f3 14.<br>Reflexi\u00f3 del campionat:La passi\u00f3 i la constancia diferencien al atleta<\/p>\n","protected":false},"excerpt":{"rendered":"<p>R\u00e8cord hist\u00f2ric en participaci\u00f3 d&#8217;atletes rubinencs al Campionat de Catalunya sub18, celebrat aquest dissabte a Manresa, a les pistes d&#8217;atletisme El Congost.S&#8217;obria la participaci\u00f3 a la prova de salt d&#8217;al\u00e7ada, amb Aketza Saumell, on va a conseguir la medalla d&#8217;argent, amb una marca de 1.88 cm.Als 100 metres lisos masculins, amb 4 atletes de la [&hellip;]<\/p>\n","protected":false},"author":12,"featured_media":0,"comment_status":"closed","ping_status":"closed","sticky":false,"template":"","format":"standard","meta":[],"categories":[2],"tags":[],"_links":{"self":[{"href":"https:\/\/uar.es\/index.php?rest_route=\/wp\/v2\/posts\/4008"}],"collection":[{"href":"https:\/\/uar.es\/index.php?rest_route=\/wp\/v2\/posts"}],"about":[{"href":"https:\/\/uar.es\/index.php?rest_route=\/wp\/v2\/types\/post"}],"author":[{"embeddable":true,"href":"https:\/\/uar.es\/index.php?rest_route=\/wp\/v2\/users\/12"}],"replies":[{"embeddable":true,"href":"https:\/\/uar.es\/index.php?rest_route=%2Fwp%2Fv2%2Fcomments&post=4008"}],"version-history":[{"count":1,"href":"https:\/\/uar.es\/index.php?rest_route=\/wp\/v2\/posts\/4008\/revisions"}],"predecessor-version":[{"id":4014,"href":"https:\/\/uar.es\/index.php?rest_route=\/wp\/v2\/posts\/4008\/revisions\/4014"}],"wp:attachment":[{"href":"https:\/\/uar.es\/index.php?rest_route=%2Fwp%2Fv2%2Fmedia&parent=4008"}],"wp:term":[{"taxonomy":"category","embeddable":true,"href":"https:\/\/uar.es\/index.php?rest_route=%2Fwp%2Fv2%2Fcategories&post=4008"},{"taxonomy":"post_tag","embeddable":true,"href":"https:\/\/uar.es\/index.php?rest_route=%2Fwp%2Fv2%2Ftags&post=4008"}],"curies":[{"name":"wp","href":"https:\/\/api.w.org\/{rel}","templated":true}]}}