{"id":4033,"date":"2022-06-24T00:18:00","date_gmt":"2022-06-23T22:18:00","guid":{"rendered":"https:\/\/uar.es\/?p=4033"},"modified":"2022-06-24T00:18:00","modified_gmt":"2022-06-23T22:18:00","slug":"cto-de-espana-sub18-al-jerez-de-la-frontera","status":"publish","type":"post","link":"https:\/\/uar.es\/?p=4033","title":{"rendered":"Cto. de Espa\u00f1a sub18 AL, Jerez de la Frontera"},"content":{"rendered":"\n<figure class=\"wp-block-image size-full\"><a href=\"https:\/\/uar.es\/wp-content\/uploads\/2022\/06\/1655812839646.jpg\"><img loading=\"lazy\" width=\"600\" height=\"596\" src=\"https:\/\/uar.es\/wp-content\/uploads\/2022\/06\/1655812839646.jpg\" alt=\"\" class=\"wp-image-4034\" srcset=\"https:\/\/uar.es\/wp-content\/uploads\/2022\/06\/1655812839646.jpg 600w, https:\/\/uar.es\/wp-content\/uploads\/2022\/06\/1655812839646-300x298.jpg 300w, https:\/\/uar.es\/wp-content\/uploads\/2022\/06\/1655812839646-150x150.jpg 150w, https:\/\/uar.es\/wp-content\/uploads\/2022\/06\/1655812839646-500x497.jpg 500w\" sizes=\"(max-width: 600px) 100vw, 600px\" \/><\/a><\/figure>\n\n\n\n<figure class=\"wp-block-image size-full\"><a href=\"https:\/\/uar.es\/wp-content\/uploads\/2022\/06\/1655812839655.jpg\"><img loading=\"lazy\" width=\"600\" height=\"400\" src=\"https:\/\/uar.es\/wp-content\/uploads\/2022\/06\/1655812839655.jpg\" alt=\"\" class=\"wp-image-4035\" srcset=\"https:\/\/uar.es\/wp-content\/uploads\/2022\/06\/1655812839655.jpg 600w, https:\/\/uar.es\/wp-content\/uploads\/2022\/06\/1655812839655-300x200.jpg 300w, https:\/\/uar.es\/wp-content\/uploads\/2022\/06\/1655812839655-500x333.jpg 500w\" sizes=\"(max-width: 600px) 100vw, 600px\" \/><\/a><\/figure>\n\n\n\n<figure class=\"wp-block-image size-full\"><a href=\"https:\/\/uar.es\/wp-content\/uploads\/2022\/06\/web18.jpg\"><img loading=\"lazy\" width=\"600\" height=\"563\" src=\"https:\/\/uar.es\/wp-content\/uploads\/2022\/06\/web18.jpg\" alt=\"\" class=\"wp-image-4037\" srcset=\"https:\/\/uar.es\/wp-content\/uploads\/2022\/06\/web18.jpg 600w, https:\/\/uar.es\/wp-content\/uploads\/2022\/06\/web18-300x282.jpg 300w, https:\/\/uar.es\/wp-content\/uploads\/2022\/06\/web18-500x469.jpg 500w\" sizes=\"(max-width: 600px) 100vw, 600px\" \/><\/a><\/figure>\n\n\n\n<p>El pasado fin de semana se celebr\u00f3 en Jerez el Campeonato de Espa\u00f1a sub18 AL.<\/p>\n\n\n\n<p>A \u00e9ste acudieron 3 de nuestros atletas obteniendo buenos resultados en sus respectivas pruebas:<\/p>\n\n\n\n<p>9\u00aa Posici\u00f3n para Alba Rodr\u00edguez en 100 ml.<\/p>\n\n\n\n<p>12\u00aa Posici\u00f3n para Aketza Sumell en la prueba de salto de Altura.<\/p>\n\n\n\n<p>14\u00aa Posici\u00f3n para Pol Cordero en 100 mv.<\/p>\n\n\n\n<p>Enhorabuena a los tres!!!<\/p>\n\n\n\n<p><\/p>\n","protected":false},"excerpt":{"rendered":"<p>El pasado fin de semana se celebr\u00f3 en Jerez el Campeonato de Espa\u00f1a sub18 AL. A \u00e9ste acudieron 3 de nuestros atletas obteniendo buenos resultados en sus respectivas pruebas: 9\u00aa Posici\u00f3n para Alba Rodr\u00edguez en 100 ml. 12\u00aa Posici\u00f3n para Aketza Sumell en la prueba de salto de Altura. 14\u00aa Posici\u00f3n para Pol Cordero en [&hellip;]<\/p>\n","protected":false},"author":12,"featured_media":0,"comment_status":"closed","ping_status":"closed","sticky":false,"template":"","format":"standard","meta":[],"categories":[2],"tags":[],"_links":{"self":[{"href":"https:\/\/uar.es\/index.php?rest_route=\/wp\/v2\/posts\/4033"}],"collection":[{"href":"https:\/\/uar.es\/index.php?rest_route=\/wp\/v2\/posts"}],"about":[{"href":"https:\/\/uar.es\/index.php?rest_route=\/wp\/v2\/types\/post"}],"author":[{"embeddable":true,"href":"https:\/\/uar.es\/index.php?rest_route=\/wp\/v2\/users\/12"}],"replies":[{"embeddable":true,"href":"https:\/\/uar.es\/index.php?rest_route=%2Fwp%2Fv2%2Fcomments&post=4033"}],"version-history":[{"count":1,"href":"https:\/\/uar.es\/index.php?rest_route=\/wp\/v2\/posts\/4033\/revisions"}],"predecessor-version":[{"id":4038,"href":"https:\/\/uar.es\/index.php?rest_route=\/wp\/v2\/posts\/4033\/revisions\/4038"}],"wp:attachment":[{"href":"https:\/\/uar.es\/index.php?rest_route=%2Fwp%2Fv2%2Fmedia&parent=4033"}],"wp:term":[{"taxonomy":"category","embeddable":true,"href":"https:\/\/uar.es\/index.php?rest_route=%2Fwp%2Fv2%2Fcategories&post=4033"},{"taxonomy":"post_tag","embeddable":true,"href":"https:\/\/uar.es\/index.php?rest_route=%2Fwp%2Fv2%2Ftags&post=4033"}],"curies":[{"name":"wp","href":"https:\/\/api.w.org\/{rel}","templated":true}]}}