{"id":4054,"date":"2022-08-21T22:39:10","date_gmt":"2022-08-21T20:39:10","guid":{"rendered":"https:\/\/uar.es\/?p=4054"},"modified":"2022-08-21T22:42:09","modified_gmt":"2022-08-21T20:42:09","slug":"comunicat","status":"publish","type":"post","link":"https:\/\/uar.es\/?p=4054","title":{"rendered":"Comunicat"},"content":{"rendered":"\n<p>Un cop finalitzat el termini establert per la presentaci\u00f3 de candidatures a la presid\u00e8ncia de la Uni\u00f3 Atl\u00e8tica Rub\u00ed, la Junta electoral ens ha comunicat que no s\u2019ha formalitzat la presentaci\u00f3 cap candidatura. Per tant, i tal com estableixen els estatuts de l\u2019entitat, es procedeix a establir una nova convocat\u00f2ria per poder dur a terme el proc\u00e9s electoral.<br><\/p>\n\n\n\n<p>Es comunica als socis que la nova data de presentaci\u00f3 de candidatures tindr\u00e0 inici a partir del proper dilluns dia 22 d\u2019agost i es tancar\u00e0 el 5 de setembre. Les candidatures es poden presentar al correus electr\u00f2nics seg\u00fcents: uar@uar.es o secretaria@uar.es Tamb\u00e9 es podran presentar presencialment a la secretaria a partir del dia 1 de setembre (en horari de secretaria).<\/p>\n\n\n\n<p><br>Les votacions es realitzarien a la secretaria del club el divendres 23 de setembre, entre les 17:00 i les 21:00 de la tarda. Per poder votar s\u2019ha de presentar el carnet d\u2019identitat o passaport per tal d\u2019acreditar-se com a elector.<\/p>\n\n\n\n<p><br>D\u2019altra banda comunicar que les classes de l\u2019Escola d\u2019Atletisme comen\u00e7aran el dia 12 de setembre, pel grups sub-16 i sub-14, i el dia 13 pels grups de sub-12,sub-10, sub-8. <\/p>\n\n\n\n<p><\/p>\n\n\n\n<p>Salutacions cordials,<\/p>\n\n\n\n<p>La Junta Directiva de la UAR.<\/p>\n","protected":false},"excerpt":{"rendered":"<p>Un cop finalitzat el termini establert per la presentaci\u00f3 de candidatures a la presid\u00e8ncia de la Uni\u00f3 Atl\u00e8tica Rub\u00ed, la Junta electoral ens ha comunicat que no s\u2019ha formalitzat la presentaci\u00f3 cap candidatura. Per tant, i tal com estableixen els estatuts de l\u2019entitat, es procedeix a establir una nova convocat\u00f2ria per poder dur a terme [&hellip;]<\/p>\n","protected":false},"author":10,"featured_media":0,"comment_status":"closed","ping_status":"closed","sticky":false,"template":"","format":"standard","meta":[],"categories":[2],"tags":[],"_links":{"self":[{"href":"https:\/\/uar.es\/index.php?rest_route=\/wp\/v2\/posts\/4054"}],"collection":[{"href":"https:\/\/uar.es\/index.php?rest_route=\/wp\/v2\/posts"}],"about":[{"href":"https:\/\/uar.es\/index.php?rest_route=\/wp\/v2\/types\/post"}],"author":[{"embeddable":true,"href":"https:\/\/uar.es\/index.php?rest_route=\/wp\/v2\/users\/10"}],"replies":[{"embeddable":true,"href":"https:\/\/uar.es\/index.php?rest_route=%2Fwp%2Fv2%2Fcomments&post=4054"}],"version-history":[{"count":3,"href":"https:\/\/uar.es\/index.php?rest_route=\/wp\/v2\/posts\/4054\/revisions"}],"predecessor-version":[{"id":4059,"href":"https:\/\/uar.es\/index.php?rest_route=\/wp\/v2\/posts\/4054\/revisions\/4059"}],"wp:attachment":[{"href":"https:\/\/uar.es\/index.php?rest_route=%2Fwp%2Fv2%2Fmedia&parent=4054"}],"wp:term":[{"taxonomy":"category","embeddable":true,"href":"https:\/\/uar.es\/index.php?rest_route=%2Fwp%2Fv2%2Fcategories&post=4054"},{"taxonomy":"post_tag","embeddable":true,"href":"https:\/\/uar.es\/index.php?rest_route=%2Fwp%2Fv2%2Ftags&post=4054"}],"curies":[{"name":"wp","href":"https:\/\/api.w.org\/{rel}","templated":true}]}}