{"id":4165,"date":"2022-12-27T13:12:09","date_gmt":"2022-12-27T11:12:09","guid":{"rendered":"https:\/\/uar.es\/?p=4165"},"modified":"2022-12-27T13:12:11","modified_gmt":"2022-12-27T11:12:11","slug":"horaris-festes-nadal","status":"publish","type":"post","link":"https:\/\/uar.es\/?p=4165","title":{"rendered":"Horaris festes nadal"},"content":{"rendered":"\n<p>Els horaris durant aquestes dues setmanes seran<\/p>\n\n\n\n<p>Dies 27, 28, 29 i 30:  Mat\u00ed de 9 a 13 i tarda de 17 a 21<\/p>\n\n\n\n<p>Dissabte 31 i Diumenge 01: Tancat<\/p>\n\n\n\n<p>Dies 02, 03, 04: Horari normal Mat\u00ed de 8 a 15 i tarda de 17 a 23<\/p>\n\n\n\n<p>Dia 05: Mat\u00ed de 8 a 15, tarda tancat<\/p>\n\n\n\n<p>Dia 06: Tancat<\/p>\n\n\n\n<p><\/p>\n","protected":false},"excerpt":{"rendered":"<p>Els horaris durant aquestes dues setmanes seran Dies 27, 28, 29 i 30: Mat\u00ed de 9 a 13 i tarda de 17 a 21 Dissabte 31 i Diumenge 01: Tancat Dies 02, 03, 04: Horari normal Mat\u00ed de 8 a 15 i tarda de 17 a 23 Dia 05: Mat\u00ed de 8 a 15, tarda [&hellip;]<\/p>\n","protected":false},"author":10,"featured_media":0,"comment_status":"closed","ping_status":"closed","sticky":false,"template":"","format":"standard","meta":[],"categories":[2],"tags":[],"_links":{"self":[{"href":"https:\/\/uar.es\/index.php?rest_route=\/wp\/v2\/posts\/4165"}],"collection":[{"href":"https:\/\/uar.es\/index.php?rest_route=\/wp\/v2\/posts"}],"about":[{"href":"https:\/\/uar.es\/index.php?rest_route=\/wp\/v2\/types\/post"}],"author":[{"embeddable":true,"href":"https:\/\/uar.es\/index.php?rest_route=\/wp\/v2\/users\/10"}],"replies":[{"embeddable":true,"href":"https:\/\/uar.es\/index.php?rest_route=%2Fwp%2Fv2%2Fcomments&post=4165"}],"version-history":[{"count":1,"href":"https:\/\/uar.es\/index.php?rest_route=\/wp\/v2\/posts\/4165\/revisions"}],"predecessor-version":[{"id":4166,"href":"https:\/\/uar.es\/index.php?rest_route=\/wp\/v2\/posts\/4165\/revisions\/4166"}],"wp:attachment":[{"href":"https:\/\/uar.es\/index.php?rest_route=%2Fwp%2Fv2%2Fmedia&parent=4165"}],"wp:term":[{"taxonomy":"category","embeddable":true,"href":"https:\/\/uar.es\/index.php?rest_route=%2Fwp%2Fv2%2Fcategories&post=4165"},{"taxonomy":"post_tag","embeddable":true,"href":"https:\/\/uar.es\/index.php?rest_route=%2Fwp%2Fv2%2Ftags&post=4165"}],"curies":[{"name":"wp","href":"https:\/\/api.w.org\/{rel}","templated":true}]}}