{"id":4178,"date":"2023-02-26T01:23:19","date_gmt":"2023-02-25T23:23:19","guid":{"rendered":"https:\/\/uar.es\/?p=4178"},"modified":"2023-02-26T01:23:21","modified_gmt":"2023-02-25T23:23:21","slug":"43e-cros-escolar-de-rubi","status":"publish","type":"post","link":"https:\/\/uar.es\/?p=4178","title":{"rendered":"43\u00e8 Cros Escolar de Rub\u00ed"},"content":{"rendered":"\n<figure class=\"wp-block-image size-full\"><a href=\"https:\/\/cross.uar.es\/wp-content\/uploads\/sites\/2\/2023\/02\/39591142-c71b-4773-aafe-0c29e2f884ee1.jpeg\"><img src=\"https:\/\/cross.uar.es\/wp-content\/uploads\/sites\/2\/2023\/02\/39591142-c71b-4773-aafe-0c29e2f884ee1.jpeg\" alt=\"\" class=\"wp-image-569\"\/><\/a><\/figure>\n\n\n\n<p><\/p>\n\n\n\n<p>La temporada atl\u00e8tica a Rub\u00ed t\u00e9 una data marcada al calendari i ja tenim aqu\u00ed la nova edici\u00f3 del Cros Escolar de Rub\u00ed a la seva  quaranta-tresena edici\u00f3. Tindr\u00e0 lloc el diumenge 12 de Mar\u00e7 de 2023 als circuits del bosc de Ca n&#8217;Oriol.  I com \u00e9s tradici\u00f3 tindrem tant les competicions escolars en les diferents categories com les dels m\u00e9s grans a la cursa open que com l&#8217;any passat ser\u00e0 totalment gratu\u00efta.<\/p>\n\n\n\n<p>Us esperem a tots per passar una bona estona fent esport en un ambient espectacular, no us deixeu a casa les ganes de passar-ho be perqu\u00e8 tindrem premis per tothom!<\/p>\n\n\n\n<p>Les inscripcions s&#8217;han de realitzar al web:<\/p>\n\n\n\n<p><a href=\"https:\/\/www.inscripcions.cat\/crosderubi2023\">43\u00e8 CROS ESCOLAR DE RUB\u00cd (inscripcions.cat)<\/a><\/p>\n\n\n\n<p>Teniu tota la informaci\u00f3 del cros disponible a la web:<\/p>\n\n\n\n<p><a href=\"https:\/\/cross.uar.es\/\">https:\/\/cross.uar.es\/<\/a><\/p>\n","protected":false},"excerpt":{"rendered":"<p>La temporada atl\u00e8tica a Rub\u00ed t\u00e9 una data marcada al calendari i ja tenim aqu\u00ed la nova edici\u00f3 del Cros Escolar de Rub\u00ed a la seva quaranta-tresena edici\u00f3. Tindr\u00e0 lloc el diumenge 12 de Mar\u00e7 de 2023 als circuits del bosc de Ca n&#8217;Oriol. I com \u00e9s tradici\u00f3 tindrem tant les competicions escolars en les [&hellip;]<\/p>\n","protected":false},"author":10,"featured_media":0,"comment_status":"closed","ping_status":"closed","sticky":false,"template":"","format":"standard","meta":[],"categories":[2],"tags":[],"_links":{"self":[{"href":"https:\/\/uar.es\/index.php?rest_route=\/wp\/v2\/posts\/4178"}],"collection":[{"href":"https:\/\/uar.es\/index.php?rest_route=\/wp\/v2\/posts"}],"about":[{"href":"https:\/\/uar.es\/index.php?rest_route=\/wp\/v2\/types\/post"}],"author":[{"embeddable":true,"href":"https:\/\/uar.es\/index.php?rest_route=\/wp\/v2\/users\/10"}],"replies":[{"embeddable":true,"href":"https:\/\/uar.es\/index.php?rest_route=%2Fwp%2Fv2%2Fcomments&post=4178"}],"version-history":[{"count":1,"href":"https:\/\/uar.es\/index.php?rest_route=\/wp\/v2\/posts\/4178\/revisions"}],"predecessor-version":[{"id":4179,"href":"https:\/\/uar.es\/index.php?rest_route=\/wp\/v2\/posts\/4178\/revisions\/4179"}],"wp:attachment":[{"href":"https:\/\/uar.es\/index.php?rest_route=%2Fwp%2Fv2%2Fmedia&parent=4178"}],"wp:term":[{"taxonomy":"category","embeddable":true,"href":"https:\/\/uar.es\/index.php?rest_route=%2Fwp%2Fv2%2Fcategories&post=4178"},{"taxonomy":"post_tag","embeddable":true,"href":"https:\/\/uar.es\/index.php?rest_route=%2Fwp%2Fv2%2Ftags&post=4178"}],"curies":[{"name":"wp","href":"https:\/\/api.w.org\/{rel}","templated":true}]}}