{"id":4197,"date":"2023-03-20T00:29:22","date_gmt":"2023-03-19T22:29:22","guid":{"rendered":"https:\/\/uar.es\/?p=4197"},"modified":"2023-03-20T00:29:24","modified_gmt":"2023-03-19T22:29:24","slug":"marato-de-barcelona-2023","status":"publish","type":"post","link":"https:\/\/uar.es\/?p=4197","title":{"rendered":"Marat\u00f3 de Barcelona 2023"},"content":{"rendered":"\n<p>Aquest mat\u00ed un petit grup del nostre equip de fons ha participat a la Marat\u00f3 de Barcelona. Dani Sanjust, Jose Miguel Segovia, Josep Bolu\u00f1a i el seu entrenador Toni Navas s&#8217;han posat les sabatilles i han donat el colof\u00f3 a unes setmanes molt intenses de treball. <\/p>\n\n\n<div class=\"wp-block-image\">\n<figure class=\"aligncenter size-full\"><a href=\"https:\/\/uar.es\/wp-content\/uploads\/2023\/03\/Imagen-de-WhatsApp-2023-03-19-a-las-22.42.57.jpg\"><img loading=\"lazy\" width=\"600\" height=\"596\" src=\"https:\/\/uar.es\/wp-content\/uploads\/2023\/03\/Imagen-de-WhatsApp-2023-03-19-a-las-22.42.57.jpg\" alt=\"\" class=\"wp-image-4198\" srcset=\"https:\/\/uar.es\/wp-content\/uploads\/2023\/03\/Imagen-de-WhatsApp-2023-03-19-a-las-22.42.57.jpg 600w, https:\/\/uar.es\/wp-content\/uploads\/2023\/03\/Imagen-de-WhatsApp-2023-03-19-a-las-22.42.57-300x298.jpg 300w, https:\/\/uar.es\/wp-content\/uploads\/2023\/03\/Imagen-de-WhatsApp-2023-03-19-a-las-22.42.57-150x150.jpg 150w, https:\/\/uar.es\/wp-content\/uploads\/2023\/03\/Imagen-de-WhatsApp-2023-03-19-a-las-22.42.57-500x497.jpg 500w\" sizes=\"(max-width: 600px) 100vw, 600px\" \/><\/a><\/figure><\/div>\n\n\n<p>I com sempre, quan les coses es treballen donen els seus fruits. Els tres han fet molt bons temps i han demostrat que el grup de fons de la UAR te molt bona salut.<\/p>\n\n\n\n<p>Moltes felicitats!!!<\/p>\n","protected":false},"excerpt":{"rendered":"<p>Aquest mat\u00ed un petit grup del nostre equip de fons ha participat a la Marat\u00f3 de Barcelona. Dani Sanjust, Jose Miguel Segovia, Josep Bolu\u00f1a i el seu entrenador Toni Navas s&#8217;han posat les sabatilles i han donat el colof\u00f3 a unes setmanes molt intenses de treball. I com sempre, quan les coses es treballen donen [&hellip;]<\/p>\n","protected":false},"author":10,"featured_media":0,"comment_status":"closed","ping_status":"closed","sticky":false,"template":"","format":"standard","meta":[],"categories":[2],"tags":[],"_links":{"self":[{"href":"https:\/\/uar.es\/index.php?rest_route=\/wp\/v2\/posts\/4197"}],"collection":[{"href":"https:\/\/uar.es\/index.php?rest_route=\/wp\/v2\/posts"}],"about":[{"href":"https:\/\/uar.es\/index.php?rest_route=\/wp\/v2\/types\/post"}],"author":[{"embeddable":true,"href":"https:\/\/uar.es\/index.php?rest_route=\/wp\/v2\/users\/10"}],"replies":[{"embeddable":true,"href":"https:\/\/uar.es\/index.php?rest_route=%2Fwp%2Fv2%2Fcomments&post=4197"}],"version-history":[{"count":1,"href":"https:\/\/uar.es\/index.php?rest_route=\/wp\/v2\/posts\/4197\/revisions"}],"predecessor-version":[{"id":4199,"href":"https:\/\/uar.es\/index.php?rest_route=\/wp\/v2\/posts\/4197\/revisions\/4199"}],"wp:attachment":[{"href":"https:\/\/uar.es\/index.php?rest_route=%2Fwp%2Fv2%2Fmedia&parent=4197"}],"wp:term":[{"taxonomy":"category","embeddable":true,"href":"https:\/\/uar.es\/index.php?rest_route=%2Fwp%2Fv2%2Fcategories&post=4197"},{"taxonomy":"post_tag","embeddable":true,"href":"https:\/\/uar.es\/index.php?rest_route=%2Fwp%2Fv2%2Ftags&post=4197"}],"curies":[{"name":"wp","href":"https:\/\/api.w.org\/{rel}","templated":true}]}}