{"id":431,"date":"2013-12-22T23:25:49","date_gmt":"2013-12-22T21:25:49","guid":{"rendered":"http:\/\/uar.es\/?p=431"},"modified":"2013-12-30T13:29:12","modified_gmt":"2013-12-30T11:29:12","slug":"horari-instal-lacio-festes-de-nadal","status":"publish","type":"post","link":"https:\/\/uar.es\/?p=431","title":{"rendered":"HORARI INSTAL.LACI\u00d3 FESTES DE NADAL"},"content":{"rendered":"<p style=\"text-align: justify;\">A continuaci\u00f3 detallem els horaris d&#8217;obertura de la instal.laci\u00f3 durant les vacances de Nadal.<\/p>\n<p style=\"text-align: justify;\"><a href=\"http:\/\/uar.es\/wp-content\/uploads\/2013\/12\/calendario-Diciembre-enero.pdf\">calendario-Diciembre-enero<\/a><\/p>\n<p style=\"text-align: justify;\">Os recordem que el pr\u00f2xim Diumenge 29 de Desembre a les 10:00 hores\u00a0cel.lebrarem el cross social\u00a0a les pistes de Can Ros\u00e9s.<\/p>\n<p style=\"text-align: justify;\">Aprofitem per felcitar-vos un bon Nadal i una bona entrada de l&#8217;any 2014<\/p>\n<p style=\"text-align: justify;\">BONES FESTES !!!!!!!!<\/p>\n<p style=\"text-align: justify;\">La junta directiva UAR<\/p>\n<p>&nbsp;<\/p>\n","protected":false},"excerpt":{"rendered":"<p>A continuaci\u00f3 detallem els horaris d&#8217;obertura de la instal.laci\u00f3 durant les vacances de Nadal. calendario-Diciembre-enero Os recordem que el pr\u00f2xim Diumenge 29 de Desembre a les 10:00 hores\u00a0cel.lebrarem el cross social\u00a0a les pistes de Can Ros\u00e9s. Aprofitem per felcitar-vos un bon Nadal i una bona entrada de l&#8217;any 2014 BONES FESTES !!!!!!!! La junta directiva [&hellip;]<\/p>\n","protected":false},"author":3,"featured_media":0,"comment_status":"closed","ping_status":"closed","sticky":false,"template":"","format":"standard","meta":[],"categories":[2],"tags":[],"_links":{"self":[{"href":"https:\/\/uar.es\/index.php?rest_route=\/wp\/v2\/posts\/431"}],"collection":[{"href":"https:\/\/uar.es\/index.php?rest_route=\/wp\/v2\/posts"}],"about":[{"href":"https:\/\/uar.es\/index.php?rest_route=\/wp\/v2\/types\/post"}],"author":[{"embeddable":true,"href":"https:\/\/uar.es\/index.php?rest_route=\/wp\/v2\/users\/3"}],"replies":[{"embeddable":true,"href":"https:\/\/uar.es\/index.php?rest_route=%2Fwp%2Fv2%2Fcomments&post=431"}],"version-history":[{"count":5,"href":"https:\/\/uar.es\/index.php?rest_route=\/wp\/v2\/posts\/431\/revisions"}],"predecessor-version":[{"id":452,"href":"https:\/\/uar.es\/index.php?rest_route=\/wp\/v2\/posts\/431\/revisions\/452"}],"wp:attachment":[{"href":"https:\/\/uar.es\/index.php?rest_route=%2Fwp%2Fv2%2Fmedia&parent=431"}],"wp:term":[{"taxonomy":"category","embeddable":true,"href":"https:\/\/uar.es\/index.php?rest_route=%2Fwp%2Fv2%2Fcategories&post=431"},{"taxonomy":"post_tag","embeddable":true,"href":"https:\/\/uar.es\/index.php?rest_route=%2Fwp%2Fv2%2Ftags&post=431"}],"curies":[{"name":"wp","href":"https:\/\/api.w.org\/{rel}","templated":true}]}}