{"id":439,"date":"2013-12-23T13:42:51","date_gmt":"2013-12-23T11:42:51","guid":{"rendered":"http:\/\/uar.es\/?p=439"},"modified":"2013-12-30T13:28:34","modified_gmt":"2013-12-30T11:28:34","slug":"minimes-campionat-espanya-pc","status":"publish","type":"post","link":"https:\/\/uar.es\/?p=439","title":{"rendered":"M\u00cdNIMES CAMPIONAT ESPANYA PC"},"content":{"rendered":"<h1><span style=\"color: #000080;\">PRIMERES M\u00cdNIMES ALS CONTROLS DE PISTA COBERTA<\/span><\/h1>\n<p style=\"text-align: justify;\">Els atletes rubinencs aconsegueixen les primeres m\u00ednimes per participar al Campionat d\u2019Espanya Juvenil de Pista Coberta.<\/p>\n<p style=\"text-align: justify;\">A la primera competici\u00f3 de 200 mll que s\u2019ha disputat a Sabadell s\u2019han aconseguit dos registres destacables. Aquestes marques \u00a0permetran la participaci\u00f3 al campionat estatal que es celebrar\u00e0 els dies 22 i 23 de febrer al Vel\u00f2drom Lluis Puig de Val\u00e8ncia.<\/p>\n<p style=\"text-align: justify;\">En la categoria femenina, la Laura Domingo va fer una marca de 26\u201d95 inferior als 27\u201d05 exigits per la Federaci\u00f3 Espanyola.<\/p>\n<p style=\"text-align: justify;\">En la categoria masculina, l\u2019\u00cdker G\u00f3mez va parar el cron\u00f2metre als 23\u201d47 i va superar aix\u00ed la m\u00ednima de 23\u201d60.<\/p>\n<p style=\"text-align: justify;\">Enhorabona a tots dos!<\/p>\n","protected":false},"excerpt":{"rendered":"<p>PRIMERES M\u00cdNIMES ALS CONTROLS DE PISTA COBERTA Els atletes rubinencs aconsegueixen les primeres m\u00ednimes per participar al Campionat d\u2019Espanya Juvenil de Pista Coberta. A la primera competici\u00f3 de 200 mll que s\u2019ha disputat a Sabadell s\u2019han aconseguit dos registres destacables. Aquestes marques \u00a0permetran la participaci\u00f3 al campionat estatal que es celebrar\u00e0 els dies 22 i [&hellip;]<\/p>\n","protected":false},"author":4,"featured_media":0,"comment_status":"closed","ping_status":"closed","sticky":false,"template":"","format":"standard","meta":[],"categories":[2],"tags":[],"_links":{"self":[{"href":"https:\/\/uar.es\/index.php?rest_route=\/wp\/v2\/posts\/439"}],"collection":[{"href":"https:\/\/uar.es\/index.php?rest_route=\/wp\/v2\/posts"}],"about":[{"href":"https:\/\/uar.es\/index.php?rest_route=\/wp\/v2\/types\/post"}],"author":[{"embeddable":true,"href":"https:\/\/uar.es\/index.php?rest_route=\/wp\/v2\/users\/4"}],"replies":[{"embeddable":true,"href":"https:\/\/uar.es\/index.php?rest_route=%2Fwp%2Fv2%2Fcomments&post=439"}],"version-history":[{"count":3,"href":"https:\/\/uar.es\/index.php?rest_route=\/wp\/v2\/posts\/439\/revisions"}],"predecessor-version":[{"id":451,"href":"https:\/\/uar.es\/index.php?rest_route=\/wp\/v2\/posts\/439\/revisions\/451"}],"wp:attachment":[{"href":"https:\/\/uar.es\/index.php?rest_route=%2Fwp%2Fv2%2Fmedia&parent=439"}],"wp:term":[{"taxonomy":"category","embeddable":true,"href":"https:\/\/uar.es\/index.php?rest_route=%2Fwp%2Fv2%2Fcategories&post=439"},{"taxonomy":"post_tag","embeddable":true,"href":"https:\/\/uar.es\/index.php?rest_route=%2Fwp%2Fv2%2Ftags&post=439"}],"curies":[{"name":"wp","href":"https:\/\/api.w.org\/{rel}","templated":true}]}}