{"id":442,"date":"2013-12-29T22:35:38","date_gmt":"2013-12-29T20:35:38","guid":{"rendered":"http:\/\/uar.es\/?p=442"},"modified":"2013-12-30T13:28:05","modified_gmt":"2013-12-30T11:28:05","slug":"gran-matinal-datletisme-en-el-cross-social-2013","status":"publish","type":"post","link":"https:\/\/uar.es\/?p=442","title":{"rendered":"GRAN MATINAL D&#8217;ATLETISME EN EL CROSS SOCIAL 2013"},"content":{"rendered":"<p style=\"text-align: justify;\">Avui\u00a0 d\u00eda 29 de Desembre es va cel.lebrar el tradicional cross social que va reunir prop de 200 socis en les instal.lacions de Can Ros\u00e9s.<\/p>\n<p style=\"text-align: justify;\">Sota un agradable temps\u00a0 es van disputar diverses curses sota uns circuits del cross que t\u00e9 la instal.laci\u00f3. Despr\u00e9s es va oferir a tots els atletes un esmorzar gratu\u00eft i es van sortejar diversos productes en la entrega de premis als guanyadors de las curses disputades.<\/p>\n<p style=\"text-align: justify;\">Detallem classificacions i fotograf\u00edes del cross social 2013:<\/p>\n<p style=\"text-align: justify;\"><a href=\"http:\/\/uar.es\/wp-content\/uploads\/2013\/12\/Classificacions-cursa-Cross-Social-2013.pdf\">Classificacions\u00a0cursa Cross Social 2013<\/a><\/p>\n<p><a href=\"https:\/\/plus.google.com\/115374071974570991454\/posts\/R2KECcLi5Lz?gpinv=AMIXal9b-c_PEMnuxgHB8AsN1g13dF4H80bMF-WZpeWQVoso7CeY9iNjc4KeW9siwv_UDESjMOwEj0zpZ4cOn_9Zd6lRaY9nLfmdFh5JqXV5lf933oxgOpw&amp;cfem=1\">*Fotos Emilio S\u00e1nchez*<\/a><\/p>\n<p><a href=\"https:\/\/plus.google.com\/photos\/101539279658171597194\/albums\/5962801777166737553\">*Fotos Miquel Merino*<\/a><\/p>\n<p>Finalment aprofitem per desitjar-vos una bona entrada d&#8217;any 2014!!!!<\/p>\n","protected":false},"excerpt":{"rendered":"<p>Avui\u00a0 d\u00eda 29 de Desembre es va cel.lebrar el tradicional cross social que va reunir prop de 200 socis en les instal.lacions de Can Ros\u00e9s. Sota un agradable temps\u00a0 es van disputar diverses curses sota uns circuits del cross que t\u00e9 la instal.laci\u00f3. Despr\u00e9s es va oferir a tots els atletes un esmorzar gratu\u00eft i [&hellip;]<\/p>\n","protected":false},"author":3,"featured_media":0,"comment_status":"closed","ping_status":"closed","sticky":false,"template":"","format":"standard","meta":[],"categories":[2],"tags":[],"_links":{"self":[{"href":"https:\/\/uar.es\/index.php?rest_route=\/wp\/v2\/posts\/442"}],"collection":[{"href":"https:\/\/uar.es\/index.php?rest_route=\/wp\/v2\/posts"}],"about":[{"href":"https:\/\/uar.es\/index.php?rest_route=\/wp\/v2\/types\/post"}],"author":[{"embeddable":true,"href":"https:\/\/uar.es\/index.php?rest_route=\/wp\/v2\/users\/3"}],"replies":[{"embeddable":true,"href":"https:\/\/uar.es\/index.php?rest_route=%2Fwp%2Fv2%2Fcomments&post=442"}],"version-history":[{"count":6,"href":"https:\/\/uar.es\/index.php?rest_route=\/wp\/v2\/posts\/442\/revisions"}],"predecessor-version":[{"id":450,"href":"https:\/\/uar.es\/index.php?rest_route=\/wp\/v2\/posts\/442\/revisions\/450"}],"wp:attachment":[{"href":"https:\/\/uar.es\/index.php?rest_route=%2Fwp%2Fv2%2Fmedia&parent=442"}],"wp:term":[{"taxonomy":"category","embeddable":true,"href":"https:\/\/uar.es\/index.php?rest_route=%2Fwp%2Fv2%2Fcategories&post=442"},{"taxonomy":"post_tag","embeddable":true,"href":"https:\/\/uar.es\/index.php?rest_route=%2Fwp%2Fv2%2Ftags&post=442"}],"curies":[{"name":"wp","href":"https:\/\/api.w.org\/{rel}","templated":true}]}}