{"id":466,"date":"2014-01-08T23:24:24","date_gmt":"2014-01-08T21:24:24","guid":{"rendered":"http:\/\/uar.es\/?p=466"},"modified":"2014-01-08T23:24:24","modified_gmt":"2014-01-08T21:24:24","slug":"14a-nit-de-la-uar","status":"publish","type":"post","link":"https:\/\/uar.es\/?p=466","title":{"rendered":"14\u00aa. NIT DE LA UAR"},"content":{"rendered":"<p>Benvolguts socis:<\/p>\n<p>Un any m\u00e9s la UNI\u00d3 ATL\u00c8TICA RUB\u00cd organitza \u00a8 LA NIT DE LA UAR \u00a8 la nit de l\u2019atletisme Rubinenc. L\u2019acte d\u2019aquesta 14 a edici\u00f3 tindr\u00e0 lloc al HOTEL EXE PARC de Cerdanyola del Vall\u00e8s ,el dissabte 25 de Gener de 2014 a les 20:30 hores<\/p>\n<p>En aquesta NIT es tracta de reunir-nos tots els que formem part de l\u2018atletisme rubinenc i seguir la tradici\u00f3 de la concessi\u00f3 de premis i guardons a les persones que, en m\u00e8rit al seu treball, hagin estat mereixedores de reconeixement.<\/p>\n<p><strong>\u00a0Prec accepteu aquesta invitaci\u00f3 ja que a nosaltres ens agradaria molt poder contar amb la seva presencia.<\/strong><\/p>\n<p>Durant la festa es lliuraran els premis als MILLOR ATLETES de l\u2019escola i del Campionat social d\u2019atletes adults de la temporada 2012\/2013<\/p>\n<p>Confiem poder gaudir amb la seva pres\u00e8ncia per tal de poder fer d\u2019aquesta NIT de festa una gran tradici\u00f3 anyal, preguem confirmeu la vostre assist\u00e8ncia al tlf. 935882762 de 18\u201900 a 21\u201900 hores abans del d\u00eda 17 de Gener.<\/p>\n<p>Detallem en aquest enlla\u00e7 preus, men\u00fas i ubicaci\u00f3 del lloc de cel.lebraci\u00f3<\/p>\n<p><a href=\"http:\/\/uar.es\/wp-content\/uploads\/2014\/01\/Carta-presentaci\u00f3-Nit-de-la-Uar-2014.pdf\">Carta presentaci\u00f3 Nit de la Uar 2014<\/a><\/p>\n<p>Rebeu una cordial salutaci\u00f3.<\/p>\n<p>&nbsp;<\/p>\n<p>Rub\u00ed Gener de 2014.<\/p>\n<p>&nbsp;<\/p>\n<p>J. Manuel Santamar\u00eda Rodr\u00edguez<\/p>\n<p>President de la UAR<\/p>\n<p>&nbsp;<\/p>\n","protected":false},"excerpt":{"rendered":"<p>Benvolguts socis: Un any m\u00e9s la UNI\u00d3 ATL\u00c8TICA RUB\u00cd organitza \u00a8 LA NIT DE LA UAR \u00a8 la nit de l\u2019atletisme Rubinenc. L\u2019acte d\u2019aquesta 14 a edici\u00f3 tindr\u00e0 lloc al HOTEL EXE PARC de Cerdanyola del Vall\u00e8s ,el dissabte 25 de Gener de 2014 a les 20:30 hores En aquesta NIT es tracta de reunir-nos [&hellip;]<\/p>\n","protected":false},"author":3,"featured_media":0,"comment_status":"closed","ping_status":"closed","sticky":false,"template":"","format":"standard","meta":[],"categories":[2],"tags":[],"_links":{"self":[{"href":"https:\/\/uar.es\/index.php?rest_route=\/wp\/v2\/posts\/466"}],"collection":[{"href":"https:\/\/uar.es\/index.php?rest_route=\/wp\/v2\/posts"}],"about":[{"href":"https:\/\/uar.es\/index.php?rest_route=\/wp\/v2\/types\/post"}],"author":[{"embeddable":true,"href":"https:\/\/uar.es\/index.php?rest_route=\/wp\/v2\/users\/3"}],"replies":[{"embeddable":true,"href":"https:\/\/uar.es\/index.php?rest_route=%2Fwp%2Fv2%2Fcomments&post=466"}],"version-history":[{"count":3,"href":"https:\/\/uar.es\/index.php?rest_route=\/wp\/v2\/posts\/466\/revisions"}],"predecessor-version":[{"id":470,"href":"https:\/\/uar.es\/index.php?rest_route=\/wp\/v2\/posts\/466\/revisions\/470"}],"wp:attachment":[{"href":"https:\/\/uar.es\/index.php?rest_route=%2Fwp%2Fv2%2Fmedia&parent=466"}],"wp:term":[{"taxonomy":"category","embeddable":true,"href":"https:\/\/uar.es\/index.php?rest_route=%2Fwp%2Fv2%2Fcategories&post=466"},{"taxonomy":"post_tag","embeddable":true,"href":"https:\/\/uar.es\/index.php?rest_route=%2Fwp%2Fv2%2Ftags&post=466"}],"curies":[{"name":"wp","href":"https:\/\/api.w.org\/{rel}","templated":true}]}}