{"id":539,"date":"2014-02-17T09:45:02","date_gmt":"2014-02-17T07:45:02","guid":{"rendered":"http:\/\/uar.es\/?p=539"},"modified":"2014-02-18T10:24:10","modified_gmt":"2014-02-18T08:24:10","slug":"94-e-campionat-de-catalunya-de-cross","status":"publish","type":"post","link":"https:\/\/uar.es\/?p=539","title":{"rendered":"94 \u00e8 CAMPIONAT DE CATALUNYA DE CROSS"},"content":{"rendered":"<p style=\"text-align: justify;\"><a href=\"http:\/\/uar.es\/wp-content\/uploads\/2014\/02\/DSC_0521.jpg\"><img loading=\"lazy\" class=\"size-medium wp-image-544 alignleft\" alt=\"DSC_0521\" src=\"http:\/\/uar.es\/wp-content\/uploads\/2014\/02\/DSC_0521-300x168.jpg\" width=\"300\" height=\"168\" srcset=\"https:\/\/uar.es\/wp-content\/uploads\/2014\/02\/DSC_0521-300x168.jpg 300w, https:\/\/uar.es\/wp-content\/uploads\/2014\/02\/DSC_0521-500x280.jpg 500w, https:\/\/uar.es\/wp-content\/uploads\/2014\/02\/DSC_0521.jpg 600w\" sizes=\"(max-width: 300px) 100vw, 300px\" \/><\/a>El passat diumenge 16 de Febrer de 2014 es va cel.lebrar a la localitat de Caldes de Malavella el 94\u00e8 Campionat de Catalunya de Cross. La <strong>Uni\u00f3 Atl\u00e8tica Rub\u00ed<\/strong> va participar amb un nodrit grup d&#8217;atletes. Cal destacar la 2\u00aa posici\u00f3 de <strong>Violeta Vilches<\/strong> en categor\u00eda Benjam\u00ed Femen\u00ed i la 2ona posici\u00f3 per equips en la mateixa categoria.<\/p>\n<p style=\"text-align: justify;\">Altres resultats destacables s\u00f3n la 12ena posici\u00f3 de <strong>Marc L\u00f3pez<\/strong> en categoria Benjam\u00ed Mascul\u00ed i la 8ena posici\u00f3 de <strong>Jan Soler Prior<\/strong> en categoria Infantil Mascul\u00ed i la 15ena posici\u00f3n de la <strong>Mireia Morales<\/strong>.<\/p>\n<p style=\"text-align: center;\"><a href=\"http:\/\/uar.es\/wp-content\/uploads\/2014\/02\/IMG-20140216-WA0003.jpg\"><img loading=\"lazy\" class=\"size-medium wp-image-542 aligncenter\" style=\"width: 338px;\" alt=\"IMG-20140216-WA0003\" src=\"http:\/\/uar.es\/wp-content\/uploads\/2014\/02\/IMG-20140216-WA0003-300x168.jpg\" width=\"300\" height=\"182\" \/><\/a><\/p>\n<p style=\"text-align: justify;\">Detallem enlla\u00e7os amb resultats i fotogr\u00e0fies del campionat:<\/p>\n<p style=\"text-align: justify;\"><a href=\"https:\/\/plus.google.com\/photos\/101539279658171597194\/albums\/5981055908381147313\">*Fotos Miquel Merino*<\/a><\/p>\n<p style=\"text-align: justify;\"><a href=\"https:\/\/plus.google.com\/115374071974570991454\/posts\/1TxXTgosRSc?gpinv=AMIXal9_J6_pWva0S_ZwmNgFbfK0T6dYb41anYTBWIyJL_4tyy0neBiUlZlATGLu3zipRzidbMTorBaVQ9S_EuDwR6OSMLodCxRMZqRts9XJOx7OLjdGAdY&amp;cfem=1\">*Fotos Emilio S\u00e1nchez*<\/a><\/p>\n<p style=\"text-align: justify;\"><a href=\"http:\/\/www.selva.cat\/esports\/deportes_altres\/activitats\/fitxa.php?id_curs=12&amp;id_deporte=1&amp;id_act=467#1842\">*Resultats*<\/a><\/p>\n","protected":false},"excerpt":{"rendered":"<p>El passat diumenge 16 de Febrer de 2014 es va cel.lebrar a la localitat de Caldes de Malavella el 94\u00e8 Campionat de Catalunya de Cross. La Uni\u00f3 Atl\u00e8tica Rub\u00ed va participar amb un nodrit grup d&#8217;atletes. Cal destacar la 2\u00aa posici\u00f3 de Violeta Vilches en categor\u00eda Benjam\u00ed Femen\u00ed i la 2ona posici\u00f3 per equips en [&hellip;]<\/p>\n","protected":false},"author":3,"featured_media":0,"comment_status":"closed","ping_status":"closed","sticky":false,"template":"","format":"standard","meta":[],"categories":[2],"tags":[],"_links":{"self":[{"href":"https:\/\/uar.es\/index.php?rest_route=\/wp\/v2\/posts\/539"}],"collection":[{"href":"https:\/\/uar.es\/index.php?rest_route=\/wp\/v2\/posts"}],"about":[{"href":"https:\/\/uar.es\/index.php?rest_route=\/wp\/v2\/types\/post"}],"author":[{"embeddable":true,"href":"https:\/\/uar.es\/index.php?rest_route=\/wp\/v2\/users\/3"}],"replies":[{"embeddable":true,"href":"https:\/\/uar.es\/index.php?rest_route=%2Fwp%2Fv2%2Fcomments&post=539"}],"version-history":[{"count":7,"href":"https:\/\/uar.es\/index.php?rest_route=\/wp\/v2\/posts\/539\/revisions"}],"predecessor-version":[{"id":553,"href":"https:\/\/uar.es\/index.php?rest_route=\/wp\/v2\/posts\/539\/revisions\/553"}],"wp:attachment":[{"href":"https:\/\/uar.es\/index.php?rest_route=%2Fwp%2Fv2%2Fmedia&parent=539"}],"wp:term":[{"taxonomy":"category","embeddable":true,"href":"https:\/\/uar.es\/index.php?rest_route=%2Fwp%2Fv2%2Fcategories&post=539"},{"taxonomy":"post_tag","embeddable":true,"href":"https:\/\/uar.es\/index.php?rest_route=%2Fwp%2Fv2%2Ftags&post=539"}],"curies":[{"name":"wp","href":"https:\/\/api.w.org\/{rel}","templated":true}]}}