{"id":589,"date":"2014-03-17T22:07:36","date_gmt":"2014-03-17T20:07:36","guid":{"rendered":"http:\/\/uar.es\/?p=589"},"modified":"2014-03-17T22:07:36","modified_gmt":"2014-03-17T20:07:36","slug":"campionat-de-catalunya-infantil-en-pista-coberta","status":"publish","type":"post","link":"https:\/\/uar.es\/?p=589","title":{"rendered":"CAMPIONAT DE CATALUNYA INFANTIL EN PISTA COBERTA"},"content":{"rendered":"<p style=\"text-align: justify;\"><strong>MIREIA MORALES GUANYA LA MEDALLA DE BRONZE ALS 1000mll<\/strong><\/p>\n<p style=\"text-align: justify;\"><a href=\"http:\/\/uar.es\/wp-content\/uploads\/2014\/03\/CNAT_-CATALUNYA-PISTA-COBERTA-INFANTIL_170.jpg\"><img loading=\"lazy\" class=\" wp-image-590 alignleft\" style=\"width: 227px;\" alt=\"CNAT_ CATALUNYA PISTA COBERTA INFANTIL_170\" src=\"http:\/\/uar.es\/wp-content\/uploads\/2014\/03\/CNAT_-CATALUNYA-PISTA-COBERTA-INFANTIL_170-199x300.jpg\" width=\"199\" height=\"323\" \/><\/a>El passat dissabte 15 de mar\u00e7 es va disputar a Sabadell la final del Campionat de Catalunya Infantil de pista coberta.<\/p>\n<p style=\"text-align: justify;\">Gran actuaci\u00f3 dels alumnes infantils de la <b>Uni\u00f3 Atl\u00e8tica Rub\u00ed<\/b>, tot i que quan et quedes tan a prop del podi les sensacions s\u00f3n d\u2019un xic de decepci\u00f3, ja que fins a tres quarts llocs es van arribar assolir. La gran alegria la va donar la Mireia Morales aconseguint una magn\u00edfica medalla de bronze a la prova dels 1000 mll.<\/p>\n<p style=\"text-align: justify;\">A les curses de fons \u00e9s on es van aconseguir els millors resultats. La <b>Mireia Morales v<\/b>a pujar a 3er lloc del podi a la prova dels 1000 mll, enregistrant un temps de 3\u201918\u201d69. En <b>Jan Badia<\/b>, a la prova del quil\u00f2metre es va classificar en 4rt lloc aconseguint una \u00a0gran marca de 3\u00b408\u201d86. A la prova dels 2000 mll en <b>Jan Soler<\/b> va repetir el mateix 4rt lloc, realitzant una magn\u00edfica marca de 6\u201939\u201d22. Tamb\u00e9 van participar en <b>Gerard Merino<\/b> arribant el 12\u00e8 i <b>l\u2019Alba Alarc\u00f3n<\/b> la 11a a la prova dels 1000mll .<\/p>\n<p style=\"text-align: justify;\">Als salts, <b>l\u2019Adri\u00e0 Navaj\u00f3n<\/b> \u00a0va aconseguir el 4rt lloc en el salt de llargada amb un millor salt de 4metres i 80 cms a nom\u00e9s 2 cms del podi. El mateix Adri\u00e0 tamb\u00e9 va participar en el salt de perxa classificant-se en el 9 \u00e8 lloc amb un millor salt de 2 metres i 15 cms.<\/p>\n<p style=\"text-align: justify;\">A les proves de velocitat la <b>Maria Alcal\u00e1<\/b> en la prova 60 mll amb un registre de 8\u201d63 i el <b>David Jim\u00e9nez<\/b> amb un temps de 8\u201d42 es van quedar a les portes d\u2019entrar ala final. El David tamb\u00e9 va participar en la prova de 60 mt, passant a la final amb una marca de 10\u201d92. A la final va assolir el 8\u00e8 lloc.<\/p>\n<p style=\"text-align: justify;\">Finalment, l\u2019equip de relleus mascul\u00ed del 4&#215;200 format per en <strong>David Jim\u00e9nez, Ian Rood, Adri\u00e0 Navaj\u00f3n i Jan Badia<\/strong> va aconseguir el 6\u00e8 lloc a la final, enregistrant un temps de 1\u201954\u201d11.<\/p>\n<p style=\"text-align: justify;\">Enhorabona a tots plegats pel nivell que heu demostrat!!<\/p>\n<p style=\"text-align: justify;\"><a href=\"https:\/\/plus.google.com\/photos\/101539279658171597194\/albums\/5991439000167708673\">*FOTOS MIQUEL MERINO\u00bb<\/a><\/p>\n","protected":false},"excerpt":{"rendered":"<p>MIREIA MORALES GUANYA LA MEDALLA DE BRONZE ALS 1000mll El passat dissabte 15 de mar\u00e7 es va disputar a Sabadell la final del Campionat de Catalunya Infantil de pista coberta. Gran actuaci\u00f3 dels alumnes infantils de la Uni\u00f3 Atl\u00e8tica Rub\u00ed, tot i que quan et quedes tan a prop del podi les sensacions s\u00f3n d\u2019un [&hellip;]<\/p>\n","protected":false},"author":6,"featured_media":0,"comment_status":"closed","ping_status":"closed","sticky":false,"template":"","format":"standard","meta":[],"categories":[2],"tags":[],"_links":{"self":[{"href":"https:\/\/uar.es\/index.php?rest_route=\/wp\/v2\/posts\/589"}],"collection":[{"href":"https:\/\/uar.es\/index.php?rest_route=\/wp\/v2\/posts"}],"about":[{"href":"https:\/\/uar.es\/index.php?rest_route=\/wp\/v2\/types\/post"}],"author":[{"embeddable":true,"href":"https:\/\/uar.es\/index.php?rest_route=\/wp\/v2\/users\/6"}],"replies":[{"embeddable":true,"href":"https:\/\/uar.es\/index.php?rest_route=%2Fwp%2Fv2%2Fcomments&post=589"}],"version-history":[{"count":1,"href":"https:\/\/uar.es\/index.php?rest_route=\/wp\/v2\/posts\/589\/revisions"}],"predecessor-version":[{"id":591,"href":"https:\/\/uar.es\/index.php?rest_route=\/wp\/v2\/posts\/589\/revisions\/591"}],"wp:attachment":[{"href":"https:\/\/uar.es\/index.php?rest_route=%2Fwp%2Fv2%2Fmedia&parent=589"}],"wp:term":[{"taxonomy":"category","embeddable":true,"href":"https:\/\/uar.es\/index.php?rest_route=%2Fwp%2Fv2%2Fcategories&post=589"},{"taxonomy":"post_tag","embeddable":true,"href":"https:\/\/uar.es\/index.php?rest_route=%2Fwp%2Fv2%2Ftags&post=589"}],"curies":[{"name":"wp","href":"https:\/\/api.w.org\/{rel}","templated":true}]}}