{"id":594,"date":"2014-03-19T14:59:48","date_gmt":"2014-03-19T12:59:48","guid":{"rendered":"http:\/\/uar.es\/?p=594"},"modified":"2014-03-19T14:59:48","modified_gmt":"2014-03-19T12:59:48","slug":"representacio-rubinenca-al-campionat-despanya-cadet","status":"publish","type":"post","link":"https:\/\/uar.es\/?p=594","title":{"rendered":"REPRESENTACI\u00d3 RUBINENCA AL CAMPIONAT D\u2019ESPANYA CADET."},"content":{"rendered":"<p><a href=\"http:\/\/uar.es\/wp-content\/uploads\/2014\/03\/1689252_597941743619514_1745954201_n.jpg\"><img loading=\"lazy\" class=\"alignnone size-medium wp-image-595\" alt=\"1689252_597941743619514_1745954201_n\" src=\"http:\/\/uar.es\/wp-content\/uploads\/2014\/03\/1689252_597941743619514_1745954201_n-300x152.jpg\" width=\"300\" height=\"152\" srcset=\"https:\/\/uar.es\/wp-content\/uploads\/2014\/03\/1689252_597941743619514_1745954201_n-300x152.jpg 300w, https:\/\/uar.es\/wp-content\/uploads\/2014\/03\/1689252_597941743619514_1745954201_n-500x253.jpg 500w, https:\/\/uar.es\/wp-content\/uploads\/2014\/03\/1689252_597941743619514_1745954201_n.jpg 512w\" sizes=\"(max-width: 300px) 100vw, 300px\" \/><\/a><\/p>\n<p>La ciutat andalusa d\u2019Antequera va ser la seu del Campionat d\u2019Espanya Cadet de Pista Coberta. Fins all\u00e0 es van despla\u00e7ar amb l\u2019expedici\u00f3 de la Federaci\u00f3 Catalana d\u2019Atletisme dos de les joves velocistes de la Uni\u00f3 Atl\u00e8tica Rub\u00ed.<\/p>\n<p>La Clara Egea Jim\u00e9nez i la Laia Saumell Baeza debutaven en un campionat estatal i ho van fer a la prova de 60 mll. Totes dues havien estat finalistes al campionat de Catalunya disputat la setmana anterior a Sabadell.<\/p>\n<p>La Clara Egea va c\u00f3rrer a la quarta s\u00e8rie eliminat\u00f2ria on va fer amb un temps de 8\u201d23 i va ser la quarta en arribar.<\/p>\n<p>La Laia Saumell va sortir a la sisena s\u00e8rie on va acabar tercera amb un temps de 8\u201d19, que suposava millor marca personal i quedar-se a una cent\u00e8sima de la classificaci\u00f3 per la ronda semifinal.<\/p>\n<p>Felicitats a totes dues per la bona campanya de pista coberta.<\/p>\n","protected":false},"excerpt":{"rendered":"<p>La ciutat andalusa d\u2019Antequera va ser la seu del Campionat d\u2019Espanya Cadet de Pista Coberta. Fins all\u00e0 es van despla\u00e7ar amb l\u2019expedici\u00f3 de la Federaci\u00f3 Catalana d\u2019Atletisme dos de les joves velocistes de la Uni\u00f3 Atl\u00e8tica Rub\u00ed. La Clara Egea Jim\u00e9nez i la Laia Saumell Baeza debutaven en un campionat estatal i ho van fer [&hellip;]<\/p>\n","protected":false},"author":4,"featured_media":0,"comment_status":"closed","ping_status":"closed","sticky":false,"template":"","format":"standard","meta":[],"categories":[2],"tags":[],"_links":{"self":[{"href":"https:\/\/uar.es\/index.php?rest_route=\/wp\/v2\/posts\/594"}],"collection":[{"href":"https:\/\/uar.es\/index.php?rest_route=\/wp\/v2\/posts"}],"about":[{"href":"https:\/\/uar.es\/index.php?rest_route=\/wp\/v2\/types\/post"}],"author":[{"embeddable":true,"href":"https:\/\/uar.es\/index.php?rest_route=\/wp\/v2\/users\/4"}],"replies":[{"embeddable":true,"href":"https:\/\/uar.es\/index.php?rest_route=%2Fwp%2Fv2%2Fcomments&post=594"}],"version-history":[{"count":1,"href":"https:\/\/uar.es\/index.php?rest_route=\/wp\/v2\/posts\/594\/revisions"}],"predecessor-version":[{"id":596,"href":"https:\/\/uar.es\/index.php?rest_route=\/wp\/v2\/posts\/594\/revisions\/596"}],"wp:attachment":[{"href":"https:\/\/uar.es\/index.php?rest_route=%2Fwp%2Fv2%2Fmedia&parent=594"}],"wp:term":[{"taxonomy":"category","embeddable":true,"href":"https:\/\/uar.es\/index.php?rest_route=%2Fwp%2Fv2%2Fcategories&post=594"},{"taxonomy":"post_tag","embeddable":true,"href":"https:\/\/uar.es\/index.php?rest_route=%2Fwp%2Fv2%2Ftags&post=594"}],"curies":[{"name":"wp","href":"https:\/\/api.w.org\/{rel}","templated":true}]}}