{"id":610,"date":"2014-04-22T12:16:27","date_gmt":"2014-04-22T10:16:27","guid":{"rendered":"http:\/\/uar.es\/?p=610"},"modified":"2014-05-04T21:51:57","modified_gmt":"2014-05-04T19:51:57","slug":"1a-jornada-atletica-de-la-lliga-de-clubs-de-catalunya","status":"publish","type":"post","link":"https:\/\/uar.es\/?p=610","title":{"rendered":"1a JORNADA ATL\u00c8TICA DE LA LLIGA DE CLUBS DE CATALUNYA"},"content":{"rendered":"<p><img alt=\"Fotograf\u00eda\" src=\"https:\/\/lh3.googleusercontent.com\/FtgyR9tjRAIzWgLBaw01UR6L0y9Kg-WSJgvExtZDqF_y=w322-h213-p-no\" \/><\/p>\n<p style=\"text-align: justify;\">El passar 13 d&#8217;abril es va cel.lebrar la primera jornada de la lliga de clubs de Catalunya. La UAR va participar en categor\u00eca masculina i femenina amb una meritoria actuaci\u00f3 del nostres atletes.<\/p>\n<p style=\"text-align: justify;\">Detallem\u00a0 enlla\u00e7os de resultats i fotograf\u00edes:<\/p>\n<p style=\"text-align: justify;\"><a href=\"http:\/\/www.fcatletisme.cat\/Pairelliure\/pairelliure2014\/catclubs2014\/resulgrupd-terrassa130414.pdf\">http:\/\/www.fcatletisme.cat\/Pairelliure\/pairelliure2014\/catclubs2014\/resulgrupd-terrassa130414.pdf<\/a><\/p>\n<p style=\"text-align: justify;\"><a href=\"https:\/\/plus.google.com\/photos\/101539279658171597194\/albums\/6004780475086579745\">https:\/\/plus.google.com\/photos\/101539279658171597194\/albums\/6004780475086579745<\/a><\/p>\n<p style=\"text-align: justify;\">La 2\u00aa Jornada es cel.lebrar\u00e0 a Mollet del Vall\u00e8s el 26 d&#8217;abril de 2014<\/p>\n<p style=\"text-align: justify;\">Uni\u00f3 atl\u00e8tica Rub\u00ed<\/p>\n","protected":false},"excerpt":{"rendered":"<p>El passar 13 d&#8217;abril es va cel.lebrar la primera jornada de la lliga de clubs de Catalunya. La UAR va participar en categor\u00eca masculina i femenina amb una meritoria actuaci\u00f3 del nostres atletes. Detallem\u00a0 enlla\u00e7os de resultats i fotograf\u00edes: http:\/\/www.fcatletisme.cat\/Pairelliure\/pairelliure2014\/catclubs2014\/resulgrupd-terrassa130414.pdf https:\/\/plus.google.com\/photos\/101539279658171597194\/albums\/6004780475086579745 La 2\u00aa Jornada es cel.lebrar\u00e0 a Mollet del Vall\u00e8s el 26 d&#8217;abril de 2014 [&hellip;]<\/p>\n","protected":false},"author":3,"featured_media":0,"comment_status":"closed","ping_status":"closed","sticky":false,"template":"","format":"standard","meta":[],"categories":[2],"tags":[],"_links":{"self":[{"href":"https:\/\/uar.es\/index.php?rest_route=\/wp\/v2\/posts\/610"}],"collection":[{"href":"https:\/\/uar.es\/index.php?rest_route=\/wp\/v2\/posts"}],"about":[{"href":"https:\/\/uar.es\/index.php?rest_route=\/wp\/v2\/types\/post"}],"author":[{"embeddable":true,"href":"https:\/\/uar.es\/index.php?rest_route=\/wp\/v2\/users\/3"}],"replies":[{"embeddable":true,"href":"https:\/\/uar.es\/index.php?rest_route=%2Fwp%2Fv2%2Fcomments&post=610"}],"version-history":[{"count":3,"href":"https:\/\/uar.es\/index.php?rest_route=\/wp\/v2\/posts\/610\/revisions"}],"predecessor-version":[{"id":634,"href":"https:\/\/uar.es\/index.php?rest_route=\/wp\/v2\/posts\/610\/revisions\/634"}],"wp:attachment":[{"href":"https:\/\/uar.es\/index.php?rest_route=%2Fwp%2Fv2%2Fmedia&parent=610"}],"wp:term":[{"taxonomy":"category","embeddable":true,"href":"https:\/\/uar.es\/index.php?rest_route=%2Fwp%2Fv2%2Fcategories&post=610"},{"taxonomy":"post_tag","embeddable":true,"href":"https:\/\/uar.es\/index.php?rest_route=%2Fwp%2Fv2%2Ftags&post=610"}],"curies":[{"name":"wp","href":"https:\/\/api.w.org\/{rel}","templated":true}]}}