{"id":644,"date":"2014-05-13T12:28:48","date_gmt":"2014-05-13T10:28:48","guid":{"rendered":"http:\/\/uar.es\/?p=644"},"modified":"2014-05-13T12:29:38","modified_gmt":"2014-05-13T10:29:38","slug":"el-campionat-social-de-fons-es-decidira-en-lultima-jornada","status":"publish","type":"post","link":"https:\/\/uar.es\/?p=644","title":{"rendered":"EL CAMPIONAT SOCIAL DE FONS ES DECIDIR\u00c0 EN L&#8217;ULTIMA JORNADA"},"content":{"rendered":"<p style=\"text-align: justify;\">Ja podeu llegir a la p\u00e0gina de Fons de la UAR la cr\u00f3nica de la cursa de muntanya de Rub\u00ed aix\u00ed com consultar la classificaci\u00f3 del campionat social de fons actualitzat ja que la cursa de muntanya de Rub\u00ed era puntuable per el campionat social.<\/p>\n<p style=\"text-align: justify;\">A falta d&#8217;una jornada per concloure el campionat social (8 de juny en la 2a cursa i marxa solidaria de Martorell per la salut mental) aquest es liderat per el <strong>Fede Haba<\/strong> i la <strong>Nuria Segura<\/strong>. Tota la informaci\u00f3 a la p\u00e0gina de fons.<\/p>\n","protected":false},"excerpt":{"rendered":"<p>Ja podeu llegir a la p\u00e0gina de Fons de la UAR la cr\u00f3nica de la cursa de muntanya de Rub\u00ed aix\u00ed com consultar la classificaci\u00f3 del campionat social de fons actualitzat ja que la cursa de muntanya de Rub\u00ed era puntuable per el campionat social. A falta d&#8217;una jornada per concloure el campionat social (8 [&hellip;]<\/p>\n","protected":false},"author":5,"featured_media":0,"comment_status":"closed","ping_status":"closed","sticky":false,"template":"","format":"standard","meta":[],"categories":[2],"tags":[],"_links":{"self":[{"href":"https:\/\/uar.es\/index.php?rest_route=\/wp\/v2\/posts\/644"}],"collection":[{"href":"https:\/\/uar.es\/index.php?rest_route=\/wp\/v2\/posts"}],"about":[{"href":"https:\/\/uar.es\/index.php?rest_route=\/wp\/v2\/types\/post"}],"author":[{"embeddable":true,"href":"https:\/\/uar.es\/index.php?rest_route=\/wp\/v2\/users\/5"}],"replies":[{"embeddable":true,"href":"https:\/\/uar.es\/index.php?rest_route=%2Fwp%2Fv2%2Fcomments&post=644"}],"version-history":[{"count":2,"href":"https:\/\/uar.es\/index.php?rest_route=\/wp\/v2\/posts\/644\/revisions"}],"predecessor-version":[{"id":646,"href":"https:\/\/uar.es\/index.php?rest_route=\/wp\/v2\/posts\/644\/revisions\/646"}],"wp:attachment":[{"href":"https:\/\/uar.es\/index.php?rest_route=%2Fwp%2Fv2%2Fmedia&parent=644"}],"wp:term":[{"taxonomy":"category","embeddable":true,"href":"https:\/\/uar.es\/index.php?rest_route=%2Fwp%2Fv2%2Fcategories&post=644"},{"taxonomy":"post_tag","embeddable":true,"href":"https:\/\/uar.es\/index.php?rest_route=%2Fwp%2Fv2%2Ftags&post=644"}],"curies":[{"name":"wp","href":"https:\/\/api.w.org\/{rel}","templated":true}]}}