{"id":657,"date":"2014-05-26T13:14:27","date_gmt":"2014-05-26T11:14:27","guid":{"rendered":"http:\/\/uar.es\/?p=657"},"modified":"2014-05-26T13:14:27","modified_gmt":"2014-05-26T11:14:27","slug":"campionat-de-catalunya-de-proves-combinades-de-categories-de-promocio","status":"publish","type":"post","link":"https:\/\/uar.es\/?p=657","title":{"rendered":"CAMPIONAT DE CATALUNYA DE PROVES COMBINADES DE CATEGORIES DE PROMOCI\u00d3"},"content":{"rendered":"<p style=\"text-align: justify;\">L\u2019Adri\u00e0 Navaj\u00f3n i el Yerai Campos van tenir a tocar les medalles en el Campionat de Catalunya de Proves Combinades, que es va celebrar el passat cap de setmana a Serrahima (Barcelona).<\/p>\n<p style=\"text-align: justify;\">El dos atletes de la Uni\u00f3 Atl\u00e8tica Rub\u00ed van assolir la quarta posici\u00f3 a la classificaci\u00f3 final de la competici\u00f3.<\/p>\n<p style=\"text-align: justify;\">El Yerai participava en la modalitat de tetratl\u00f3 alev\u00ed on va obtenir els seg\u00fcents resultats:<\/p>\n<p style=\"text-align: justify;\">60mll (9\u201d20) \u2013pes (9,21) \u2013 Llargada (3\u201985) \u2013 Al\u00e7ada (1\u201923). La puntuaci\u00f3 total va ser de 1.087 punts.<\/p>\n<p style=\"text-align: justify;\">L\u2019Adri\u00e0 amb 2.045 punts va quedar-se a 11 punts del tercer classificat del pentatl\u00f3 de la categoria infantil. Les marques que va realitzar van ser: 80mll (10\u201d74), llargada (5\u201900) , pes (8\u201901), 80 m.t. (13\u201d78) i al\u00e7ada (1\u201943).<\/p>\n<p style=\"text-align: justify;\">Felicitar a tots dos per les bones marques a cada prova i per la combinada en general.<\/p>\n","protected":false},"excerpt":{"rendered":"<p>L\u2019Adri\u00e0 Navaj\u00f3n i el Yerai Campos van tenir a tocar les medalles en el Campionat de Catalunya de Proves Combinades, que es va celebrar el passat cap de setmana a Serrahima (Barcelona). El dos atletes de la Uni\u00f3 Atl\u00e8tica Rub\u00ed van assolir la quarta posici\u00f3 a la classificaci\u00f3 final de la competici\u00f3. El Yerai participava [&hellip;]<\/p>\n","protected":false},"author":4,"featured_media":0,"comment_status":"closed","ping_status":"closed","sticky":false,"template":"","format":"standard","meta":[],"categories":[2],"tags":[],"_links":{"self":[{"href":"https:\/\/uar.es\/index.php?rest_route=\/wp\/v2\/posts\/657"}],"collection":[{"href":"https:\/\/uar.es\/index.php?rest_route=\/wp\/v2\/posts"}],"about":[{"href":"https:\/\/uar.es\/index.php?rest_route=\/wp\/v2\/types\/post"}],"author":[{"embeddable":true,"href":"https:\/\/uar.es\/index.php?rest_route=\/wp\/v2\/users\/4"}],"replies":[{"embeddable":true,"href":"https:\/\/uar.es\/index.php?rest_route=%2Fwp%2Fv2%2Fcomments&post=657"}],"version-history":[{"count":1,"href":"https:\/\/uar.es\/index.php?rest_route=\/wp\/v2\/posts\/657\/revisions"}],"predecessor-version":[{"id":658,"href":"https:\/\/uar.es\/index.php?rest_route=\/wp\/v2\/posts\/657\/revisions\/658"}],"wp:attachment":[{"href":"https:\/\/uar.es\/index.php?rest_route=%2Fwp%2Fv2%2Fmedia&parent=657"}],"wp:term":[{"taxonomy":"category","embeddable":true,"href":"https:\/\/uar.es\/index.php?rest_route=%2Fwp%2Fv2%2Fcategories&post=657"},{"taxonomy":"post_tag","embeddable":true,"href":"https:\/\/uar.es\/index.php?rest_route=%2Fwp%2Fv2%2Ftags&post=657"}],"curies":[{"name":"wp","href":"https:\/\/api.w.org\/{rel}","templated":true}]}}