{"id":661,"date":"2014-06-02T11:30:09","date_gmt":"2014-06-02T09:30:09","guid":{"rendered":"http:\/\/uar.es\/?p=661"},"modified":"2014-06-02T11:30:09","modified_gmt":"2014-06-02T09:30:09","slug":"previa-al-campionat-de-catalunya-infantil","status":"publish","type":"post","link":"https:\/\/uar.es\/?p=661","title":{"rendered":"PR\u00c8VIA AL CAMPIONAT DE CATALUNYA INFANTIL"},"content":{"rendered":"<p><span style=\"color: #993300;\"><\/span><\/p>\n<p>Vuit dels atletes infantils de la U.A. Rub\u00ed que van participar a la pr\u00e8via del Campionat del Catalunya Infantil que es va disputar el diumenge passat a Gav\u00e0, es van classificar per a la final que se celebrar\u00e0 el proper 14 de juny a les pistes de Camp Clar, Tarragona.<\/p>\n<p>A les proves de fons i mig fons, el Jan Badia va fer una formidable cursa de 1000 obstacles i es va classificar amb un temps de 3\u201914\u201d. La Mireia Morales tamb\u00e9 va aconseguir passar ronda a la prova de 1000 mll (3\u201920\u201d32).<\/p>\n<p>A la dist\u00e0ncia dels 3000 mll van ser dos el atletes que van obtenir una pla\u00e7a a la final, el Jan Soler (10\u201934\u201d09) i el N\u00e9stor Fern\u00e1ndez estaran entre el millors atletes catalans.<\/p>\n<p>Als concursos de salts, l\u2019Adri\u00e0 Navaj\u00f3n va fer un formidable concurs de llargada (5\u201914) i participar\u00e0 a la final amb el David Jim\u00e9nez (4\u201999). Tots dos van millorar les seves marques personals.<\/p>\n<p>A la prova de triple salt, l\u2019atleta que l\u2019acompanyar\u00e0 la final a l\u2019Adri\u00e0 ser\u00e0 l\u2019Ian Rood. A la ronda de classificaci\u00f3 van fer salts de 9\u201990\u00a0m i 10\u201906\u00a0m respectivament. L\u2019Ian havia participat abans a la prova de martell, en la qual va fer un llan\u00e7ament de 19\u201902\u00a0m i no va poder passar a la ronda final.<\/p>\n<p>Les proves de velocitat, que sempre s\u00f3n molt disputades en aquestes categories, tindran un representant rubinenc en categoria masculina i una representant en categoria femenina. El David Jim\u00e9nez va classificar-se a la prova de 150 amb un temps de 19\u201d46 i la Maria Alcal\u00e0 va entrar a la ronda final de 80mll amb un temps de 11\u201d22.<\/p>\n<p>Felicitats i molta sort a tots els participants de la jornada final.<\/p>\n<p>Resultats:\u00a0http:\/\/www.fcatletisme.cat\/Promocio\/promocio2014\/resulcatinfantilprevia10614.pdf<\/p>\n","protected":false},"excerpt":{"rendered":"<p>Vuit dels atletes infantils de la U.A. Rub\u00ed que van participar a la pr\u00e8via del Campionat del Catalunya Infantil que es va disputar el diumenge passat a Gav\u00e0, es van classificar per a la final que se celebrar\u00e0 el proper 14 de juny a les pistes de Camp Clar, Tarragona. A les proves de fons [&hellip;]<\/p>\n","protected":false},"author":4,"featured_media":0,"comment_status":"closed","ping_status":"closed","sticky":false,"template":"","format":"standard","meta":[],"categories":[2],"tags":[],"_links":{"self":[{"href":"https:\/\/uar.es\/index.php?rest_route=\/wp\/v2\/posts\/661"}],"collection":[{"href":"https:\/\/uar.es\/index.php?rest_route=\/wp\/v2\/posts"}],"about":[{"href":"https:\/\/uar.es\/index.php?rest_route=\/wp\/v2\/types\/post"}],"author":[{"embeddable":true,"href":"https:\/\/uar.es\/index.php?rest_route=\/wp\/v2\/users\/4"}],"replies":[{"embeddable":true,"href":"https:\/\/uar.es\/index.php?rest_route=%2Fwp%2Fv2%2Fcomments&post=661"}],"version-history":[{"count":1,"href":"https:\/\/uar.es\/index.php?rest_route=\/wp\/v2\/posts\/661\/revisions"}],"predecessor-version":[{"id":662,"href":"https:\/\/uar.es\/index.php?rest_route=\/wp\/v2\/posts\/661\/revisions\/662"}],"wp:attachment":[{"href":"https:\/\/uar.es\/index.php?rest_route=%2Fwp%2Fv2%2Fmedia&parent=661"}],"wp:term":[{"taxonomy":"category","embeddable":true,"href":"https:\/\/uar.es\/index.php?rest_route=%2Fwp%2Fv2%2Fcategories&post=661"},{"taxonomy":"post_tag","embeddable":true,"href":"https:\/\/uar.es\/index.php?rest_route=%2Fwp%2Fv2%2Ftags&post=661"}],"curies":[{"name":"wp","href":"https:\/\/api.w.org\/{rel}","templated":true}]}}