{"id":663,"date":"2014-06-02T12:03:48","date_gmt":"2014-06-02T10:03:48","guid":{"rendered":"http:\/\/uar.es\/?p=663"},"modified":"2014-06-04T14:48:52","modified_gmt":"2014-06-04T12:48:52","slug":"jornada-previa-campionat-de-catalunya-alevi","status":"publish","type":"post","link":"https:\/\/uar.es\/?p=663","title":{"rendered":"JORNADA PR\u00c8VIA CAMPIONAT DE CATALUNYA ALEV\u00cd"},"content":{"rendered":"<p>Els atletes de la categoria alev\u00ed van disputar el passat diumenge 1 de juny a les pistes de La B\u00f2bila de Gav\u00e0 la jornada pr\u00e8via del campionat de Catalunya a l\u2019aire lliure.<\/p>\n<p>Els llan\u00e7aments ha estat el sector on m\u00e9s participants rubinencs hi havia. El resultat m\u00e9s destacat prov\u00e9 de la classificaci\u00f3 en primer lloc de l\u2019Oriol Alarc\u00f3n a la prova de pilota amb un registre de 27\u201977 metres.<\/p>\n<p>Al llan\u00e7ament de pes el Yerai Campos va obtenir la classificaci\u00f3 en quart lloc amb 7\u201935 m., es va quedar una mica lluny de la seva millor marca d\u2019aquest any (9\u201921). Malgrat a aquesta dada es va classificar per la final on pot fer un bon resultat si s\u2019apropa a aquests 9 metres.<\/p>\n<p>Molt a prop de la marca que donava la classificaci\u00f3 es va quedar l\u2019Oriol Ard\u00e8vol en llan\u00e7ament de disc. El seu millor tir de 15\u201900m. no va ser suficient per passar a la final a 12 que es disputar\u00e0 a Tarragona.<\/p>\n<p>El Marc Malav\u00e9 va fer 9\u201d76 a la ronda de 60 mll.<\/p>\n<p>L\u2019\u00fanica noia del club que participava va ser la Damilola Adisafe, que va estar a punt d\u2019aconseguir la classificaci\u00f3 en 60mll. Va fer un temps de 9\u201d31 i va estar a cent\u00e8simes de la classificaci\u00f3 per la seg\u00fcent ronda.<\/p>\n<p>Felicitacions a tots per la bona participaci\u00f3 i sort als finalistes.<\/p>\n<p>Fotos: <a href=\"https:\/\/plus.google.com\/photos\/101539279658171597194\/albums\/6021027277205568417\">https:\/\/plus.google.com\/photos\/101539279658171597194\/albums\/6021027277205568417<\/a><\/p>\n<p>Resultats:\u00a0http:\/\/www.fcatletisme.cat\/Promocio\/promocio2014\/resulcataleviprevia10614.pdf<\/p>\n","protected":false},"excerpt":{"rendered":"<p>Els atletes de la categoria alev\u00ed van disputar el passat diumenge 1 de juny a les pistes de La B\u00f2bila de Gav\u00e0 la jornada pr\u00e8via del campionat de Catalunya a l\u2019aire lliure. Els llan\u00e7aments ha estat el sector on m\u00e9s participants rubinencs hi havia. El resultat m\u00e9s destacat prov\u00e9 de la classificaci\u00f3 en primer lloc [&hellip;]<\/p>\n","protected":false},"author":4,"featured_media":0,"comment_status":"closed","ping_status":"closed","sticky":false,"template":"","format":"standard","meta":[],"categories":[2],"tags":[],"_links":{"self":[{"href":"https:\/\/uar.es\/index.php?rest_route=\/wp\/v2\/posts\/663"}],"collection":[{"href":"https:\/\/uar.es\/index.php?rest_route=\/wp\/v2\/posts"}],"about":[{"href":"https:\/\/uar.es\/index.php?rest_route=\/wp\/v2\/types\/post"}],"author":[{"embeddable":true,"href":"https:\/\/uar.es\/index.php?rest_route=\/wp\/v2\/users\/4"}],"replies":[{"embeddable":true,"href":"https:\/\/uar.es\/index.php?rest_route=%2Fwp%2Fv2%2Fcomments&post=663"}],"version-history":[{"count":3,"href":"https:\/\/uar.es\/index.php?rest_route=\/wp\/v2\/posts\/663\/revisions"}],"predecessor-version":[{"id":666,"href":"https:\/\/uar.es\/index.php?rest_route=\/wp\/v2\/posts\/663\/revisions\/666"}],"wp:attachment":[{"href":"https:\/\/uar.es\/index.php?rest_route=%2Fwp%2Fv2%2Fmedia&parent=663"}],"wp:term":[{"taxonomy":"category","embeddable":true,"href":"https:\/\/uar.es\/index.php?rest_route=%2Fwp%2Fv2%2Fcategories&post=663"},{"taxonomy":"post_tag","embeddable":true,"href":"https:\/\/uar.es\/index.php?rest_route=%2Fwp%2Fv2%2Ftags&post=663"}],"curies":[{"name":"wp","href":"https:\/\/api.w.org\/{rel}","templated":true}]}}