{"id":679,"date":"2014-06-09T11:21:00","date_gmt":"2014-06-09T09:21:00","guid":{"rendered":"http:\/\/uar.es\/?p=679"},"modified":"2014-06-09T11:22:07","modified_gmt":"2014-06-09T09:22:07","slug":"milla-nocturna-de-rubi-inscripcions-obertes","status":"publish","type":"post","link":"https:\/\/uar.es\/?p=679","title":{"rendered":"MILLA NOCTURNA DE RUB\u00cd, \u00a1INSCRIPCIONS OBERTES!"},"content":{"rendered":"<p><span style=\"font-family: inherit;\"><span style=\"font-size: small;\">Ja us podeu inscriure a la Milla Nocturna de Rub\u00ed \u201cIV Memorial Jaume Guix\u00e0\u201d. Tota l&#8217;informaci\u00f3 relacionada amb la milla aix\u00ed com els formularis d&#8217;inscripci\u00f3 el podeu trobar a la p\u00e0gina de la Milla Nocturna de Rub\u00ed.<br \/>\n<\/span><\/span><\/p>\n","protected":false},"excerpt":{"rendered":"<p>Ja us podeu inscriure a la Milla Nocturna de Rub\u00ed \u201cIV Memorial Jaume Guix\u00e0\u201d. Tota l&#8217;informaci\u00f3 relacionada amb la milla aix\u00ed com els formularis d&#8217;inscripci\u00f3 el podeu trobar a la p\u00e0gina de la Milla Nocturna de Rub\u00ed.<\/p>\n","protected":false},"author":5,"featured_media":0,"comment_status":"closed","ping_status":"closed","sticky":false,"template":"","format":"standard","meta":[],"categories":[2],"tags":[],"_links":{"self":[{"href":"https:\/\/uar.es\/index.php?rest_route=\/wp\/v2\/posts\/679"}],"collection":[{"href":"https:\/\/uar.es\/index.php?rest_route=\/wp\/v2\/posts"}],"about":[{"href":"https:\/\/uar.es\/index.php?rest_route=\/wp\/v2\/types\/post"}],"author":[{"embeddable":true,"href":"https:\/\/uar.es\/index.php?rest_route=\/wp\/v2\/users\/5"}],"replies":[{"embeddable":true,"href":"https:\/\/uar.es\/index.php?rest_route=%2Fwp%2Fv2%2Fcomments&post=679"}],"version-history":[{"count":3,"href":"https:\/\/uar.es\/index.php?rest_route=\/wp\/v2\/posts\/679\/revisions"}],"predecessor-version":[{"id":682,"href":"https:\/\/uar.es\/index.php?rest_route=\/wp\/v2\/posts\/679\/revisions\/682"}],"wp:attachment":[{"href":"https:\/\/uar.es\/index.php?rest_route=%2Fwp%2Fv2%2Fmedia&parent=679"}],"wp:term":[{"taxonomy":"category","embeddable":true,"href":"https:\/\/uar.es\/index.php?rest_route=%2Fwp%2Fv2%2Fcategories&post=679"},{"taxonomy":"post_tag","embeddable":true,"href":"https:\/\/uar.es\/index.php?rest_route=%2Fwp%2Fv2%2Ftags&post=679"}],"curies":[{"name":"wp","href":"https:\/\/api.w.org\/{rel}","templated":true}]}}