{"id":737,"date":"2014-07-06T22:42:42","date_gmt":"2014-07-06T20:42:42","guid":{"rendered":"http:\/\/uar.es\/?p=737"},"modified":"2014-07-06T22:42:42","modified_gmt":"2014-07-06T20:42:42","slug":"novetats-en-la-direccio-tecnica-del-club","status":"publish","type":"post","link":"https:\/\/uar.es\/?p=737","title":{"rendered":"NOVETATS EN LA DIRECCI\u00d3 T\u00c8CNICA DEL CLUB"},"content":{"rendered":"<p><a href=\"http:\/\/uar.es\/wp-content\/uploads\/2014\/07\/20-AL-22-VIATGE-A-BASEL-22.jpg\"><img loading=\"lazy\" class=\"alignnone size-medium wp-image-738\" src=\"http:\/\/uar.es\/wp-content\/uploads\/2014\/07\/20-AL-22-VIATGE-A-BASEL-22-199x300.jpg\" alt=\"20 AL 22 VIATGE A BASEL (22)\" width=\"199\" height=\"300\" \/><\/a><a href=\"http:\/\/uar.es\/wp-content\/uploads\/2014\/07\/CNAT.-CATALUNYA-DE-CLUBS-FINAL-C_292.jpg\"><img loading=\"lazy\" class=\"alignnone  wp-image-739\" src=\"http:\/\/uar.es\/wp-content\/uploads\/2014\/07\/CNAT.-CATALUNYA-DE-CLUBS-FINAL-C_292-300x199.jpg\" alt=\"CNAT. CATALUNYA DE CLUBS FINAL C_292\" width=\"300\" height=\"253\" \/><\/a><\/p>\n<p>&nbsp;<\/p>\n<p>Volem informar als socis i a les s\u00f2cies i als simpatitzants en general que des del passat 3 de juliol de 2014 el Toni Navas ha deixat la direcci\u00f3 t\u00e8cnica de la Uni\u00f3 Atl\u00e8tica de Rub\u00ed (UAR) i aquesta ha estat assumida per l&#8217; \u00c0ngel G\u00f3mez.<\/p>\n<p>Des de la Junta Directiva del club volem agrair al Toni Navas la seva dedicaci\u00f3, personal i t\u00e8cnica al projecte de l&#8217;Escola d&#8217;Atletisme i al conjunt de les activitats del Club;\u00a0 la seva professionalitat i entrega a l&#8217;hora d&#8217;afrontar nous reptes; la seva generositat i el seu car\u00e0cter que han contribu\u00eft a que el Club sigui el que \u00e9s avui dia. Per sort la seva desvinculaci\u00f3 no ser\u00e0 total i en la nova etapa que comen\u00e7a com un soci m\u00e9s, el convidem a que segueixi donant suport i assessorament, el Toni \u00e9s una pe\u00e7a clau en la hist\u00f2ria del club, i des de la Junta valorem la seva opini\u00f3 i bon criteri.<\/p>\n<p>Animem a \u00a0l\u2019\u00c0ngel G\u00f3mez en la seva nova responsabilitat, en la que estar\u00e0 recolzat per tots nosaltres\u00a0 i desitjar-li sort i molts d\u2019\u00e8xits en el projecte futur de l\u2019Escola d&#8217;Atletisme.<\/p>\n<p>Junta Directiva<\/p>\n<p>Uni\u00f3 Atl\u00e8tica Rub\u00ed<\/p>\n<p>&nbsp;<\/p>\n<p>&nbsp;<\/p>\n","protected":false},"excerpt":{"rendered":"<p>&nbsp; Volem informar als socis i a les s\u00f2cies i als simpatitzants en general que des del passat 3 de juliol de 2014 el Toni Navas ha deixat la direcci\u00f3 t\u00e8cnica de la Uni\u00f3 Atl\u00e8tica de Rub\u00ed (UAR) i aquesta ha estat assumida per l&#8217; \u00c0ngel G\u00f3mez. Des de la Junta Directiva del club volem [&hellip;]<\/p>\n","protected":false},"author":3,"featured_media":0,"comment_status":"closed","ping_status":"closed","sticky":false,"template":"","format":"standard","meta":[],"categories":[2],"tags":[],"_links":{"self":[{"href":"https:\/\/uar.es\/index.php?rest_route=\/wp\/v2\/posts\/737"}],"collection":[{"href":"https:\/\/uar.es\/index.php?rest_route=\/wp\/v2\/posts"}],"about":[{"href":"https:\/\/uar.es\/index.php?rest_route=\/wp\/v2\/types\/post"}],"author":[{"embeddable":true,"href":"https:\/\/uar.es\/index.php?rest_route=\/wp\/v2\/users\/3"}],"replies":[{"embeddable":true,"href":"https:\/\/uar.es\/index.php?rest_route=%2Fwp%2Fv2%2Fcomments&post=737"}],"version-history":[{"count":1,"href":"https:\/\/uar.es\/index.php?rest_route=\/wp\/v2\/posts\/737\/revisions"}],"predecessor-version":[{"id":740,"href":"https:\/\/uar.es\/index.php?rest_route=\/wp\/v2\/posts\/737\/revisions\/740"}],"wp:attachment":[{"href":"https:\/\/uar.es\/index.php?rest_route=%2Fwp%2Fv2%2Fmedia&parent=737"}],"wp:term":[{"taxonomy":"category","embeddable":true,"href":"https:\/\/uar.es\/index.php?rest_route=%2Fwp%2Fv2%2Fcategories&post=737"},{"taxonomy":"post_tag","embeddable":true,"href":"https:\/\/uar.es\/index.php?rest_route=%2Fwp%2Fv2%2Ftags&post=737"}],"curies":[{"name":"wp","href":"https:\/\/api.w.org\/{rel}","templated":true}]}}