{"id":743,"date":"2014-07-15T09:36:59","date_gmt":"2014-07-15T07:36:59","guid":{"rendered":"http:\/\/uar.es\/?p=743"},"modified":"2014-07-15T09:36:59","modified_gmt":"2014-07-15T07:36:59","slug":"caminada-nocturna-a-la-mola-2","status":"publish","type":"post","link":"https:\/\/uar.es\/?p=743","title":{"rendered":"CAMINADA NOCTURNA A LA MOLA"},"content":{"rendered":"<p class=\"ecxMsoNormal\" style=\"background: none repeat scroll 0% 0% white; vertical-align: baseline;\"><img loading=\"lazy\" class=\"size-medium wp-image-744 aligncenter\" src=\"http:\/\/uar.es\/wp-content\/uploads\/2014\/07\/MOLA-300x224.jpg\" alt=\"MOLA\" width=\"300\" height=\"224\" \/><\/p>\n<p class=\"ecxMsoNormal\" style=\"text-align: justify; background: white; vertical-align: baseline;\"><span style=\"font-size: 10.5pt; font-family: 'Helvetica','sans-serif'; color: #444444;\">El proper divendres 5 se setembre\u00a0 farem una caminada nocturna a La Mola (Sant Lloren\u00e7 del Munt). El punt de trobada ser\u00e1 a les 18:00 hores en la pista de la UAR i sortir amb cotxes particulars fins l\u2019aparcament del Coll d\u2019Estenalles. En aquest indret comen\u00e7arem la ruta a peu fins arribar al monestir de Sant Lloren\u00e7 on soparem tots plegats. Tornarem pel mateix cam\u00ed.<\/span><\/p>\n<p class=\"ecxMsoNormal\" style=\"text-align: justify; background: white; vertical-align: baseline;\"><span style=\"font-size: 10.5pt; font-family: 'Helvetica','sans-serif'; color: #444444;\">Cal portar: Frontal o lot, jaqueta (que refresca bastant per la nit), aigua i el sopar<\/span><\/p>\n<p class=\"ecxMsoNormal\" style=\"text-align: justify; background: white; vertical-align: baseline;\"><span style=\"font-size: 10.5pt; font-family: 'Helvetica','sans-serif'; color: #444444;\">Estan convidats tots els socis i familiars de la UAR.<\/span><\/p>\n<p class=\"ecxMsoNormal\" style=\"text-align: justify; background: white; vertical-align: baseline;\"><span style=\"font-size: 10.5pt; font-family: 'Helvetica','sans-serif'; color: #444444;\">Animeu-vos!!<\/span><\/p>\n<p class=\"ecxMsoNormal\" style=\"text-align: justify; background: white; vertical-align: baseline;\">\n<p class=\"ecxMsoNormal\" style=\"text-align: justify; background: white; vertical-align: baseline;\">\n<p class=\"ecxMsoNormal\" style=\"text-align: justify; background: white; vertical-align: baseline;\">\n<p class=\"ecxMsoNormal\" style=\"text-align: justify; background: white; vertical-align: baseline;\">\n","protected":false},"excerpt":{"rendered":"<p>El proper divendres 5 se setembre\u00a0 farem una caminada nocturna a La Mola (Sant Lloren\u00e7 del Munt). El punt de trobada ser\u00e1 a les 18:00 hores en la pista de la UAR i sortir amb cotxes particulars fins l\u2019aparcament del Coll d\u2019Estenalles. En aquest indret comen\u00e7arem la ruta a peu fins arribar al monestir de [&hellip;]<\/p>\n","protected":false},"author":5,"featured_media":0,"comment_status":"closed","ping_status":"closed","sticky":false,"template":"","format":"standard","meta":[],"categories":[2],"tags":[],"_links":{"self":[{"href":"https:\/\/uar.es\/index.php?rest_route=\/wp\/v2\/posts\/743"}],"collection":[{"href":"https:\/\/uar.es\/index.php?rest_route=\/wp\/v2\/posts"}],"about":[{"href":"https:\/\/uar.es\/index.php?rest_route=\/wp\/v2\/types\/post"}],"author":[{"embeddable":true,"href":"https:\/\/uar.es\/index.php?rest_route=\/wp\/v2\/users\/5"}],"replies":[{"embeddable":true,"href":"https:\/\/uar.es\/index.php?rest_route=%2Fwp%2Fv2%2Fcomments&post=743"}],"version-history":[{"count":1,"href":"https:\/\/uar.es\/index.php?rest_route=\/wp\/v2\/posts\/743\/revisions"}],"predecessor-version":[{"id":745,"href":"https:\/\/uar.es\/index.php?rest_route=\/wp\/v2\/posts\/743\/revisions\/745"}],"wp:attachment":[{"href":"https:\/\/uar.es\/index.php?rest_route=%2Fwp%2Fv2%2Fmedia&parent=743"}],"wp:term":[{"taxonomy":"category","embeddable":true,"href":"https:\/\/uar.es\/index.php?rest_route=%2Fwp%2Fv2%2Fcategories&post=743"},{"taxonomy":"post_tag","embeddable":true,"href":"https:\/\/uar.es\/index.php?rest_route=%2Fwp%2Fv2%2Ftags&post=743"}],"curies":[{"name":"wp","href":"https:\/\/api.w.org\/{rel}","templated":true}]}}