{"id":746,"date":"2014-07-17T12:42:40","date_gmt":"2014-07-17T10:42:40","guid":{"rendered":"http:\/\/uar.es\/?p=746"},"modified":"2014-07-17T12:42:40","modified_gmt":"2014-07-17T10:42:40","slug":"quatre-juvenils-al-campionat-despanya","status":"publish","type":"post","link":"https:\/\/uar.es\/?p=746","title":{"rendered":"Quatre Juvenils al campionat d&#8217;Espanya"},"content":{"rendered":"<p style=\"text-align: justify;\">Aquest cap de setmana se celebra a Valladolid el Campionat d\u2019Espanya Juvenil on participaran 4 atletes de la UAR. En categoria femenina, la Laura Domingo far\u00e0 la prova de 400m en la que parteix amb la quarta millor marca. Pel que fa als nois, el Guillem Oll\u00e9 participar\u00e0 en el 200m i l\u2019Iker G\u00f3mez i l\u2019Oriol Bravo en el 400m tanques.<\/p>\n<p style=\"text-align: justify;\">\u00a0<a href=\"http:\/\/uar.es\/wp-content\/uploads\/2014\/07\/uno.jpg\"><img loading=\"lazy\" class=\"alignnone  wp-image-747\" src=\"http:\/\/uar.es\/wp-content\/uploads\/2014\/07\/uno-199x300.jpg\" alt=\"uno\" width=\"161\" height=\"243\" srcset=\"https:\/\/uar.es\/wp-content\/uploads\/2014\/07\/uno-199x300.jpg 199w, https:\/\/uar.es\/wp-content\/uploads\/2014\/07\/uno.jpg 398w\" sizes=\"(max-width: 161px) 100vw, 161px\" \/><\/a> <a href=\"http:\/\/uar.es\/wp-content\/uploads\/2014\/07\/tres.jpg\"><img loading=\"lazy\" class=\"alignnone  wp-image-748\" src=\"http:\/\/uar.es\/wp-content\/uploads\/2014\/07\/tres-199x300.jpg\" alt=\"tres\" width=\"161\" height=\"243\" srcset=\"https:\/\/uar.es\/wp-content\/uploads\/2014\/07\/tres-199x300.jpg 199w, https:\/\/uar.es\/wp-content\/uploads\/2014\/07\/tres.jpg 398w\" sizes=\"(max-width: 161px) 100vw, 161px\" \/><\/a> <a href=\"http:\/\/uar.es\/wp-content\/uploads\/2014\/07\/dos.jpg\"><img loading=\"lazy\" class=\"alignnone  wp-image-749\" src=\"http:\/\/uar.es\/wp-content\/uploads\/2014\/07\/dos.jpg\" alt=\"dos\" width=\"163\" height=\"243\" \/><\/a><\/p>\n<p style=\"text-align: justify;\">Desitgem molta sort als nostres companys i companya i que gaudeixin molt de l\u2019experi\u00e8ncia<\/p>\n","protected":false},"excerpt":{"rendered":"<p>Aquest cap de setmana se celebra a Valladolid el Campionat d\u2019Espanya Juvenil on participaran 4 atletes de la UAR. En categoria femenina, la Laura Domingo far\u00e0 la prova de 400m en la que parteix amb la quarta millor marca. Pel que fa als nois, el Guillem Oll\u00e9 participar\u00e0 en el 200m i l\u2019Iker G\u00f3mez i [&hellip;]<\/p>\n","protected":false},"author":5,"featured_media":0,"comment_status":"closed","ping_status":"closed","sticky":false,"template":"","format":"standard","meta":[],"categories":[2],"tags":[],"_links":{"self":[{"href":"https:\/\/uar.es\/index.php?rest_route=\/wp\/v2\/posts\/746"}],"collection":[{"href":"https:\/\/uar.es\/index.php?rest_route=\/wp\/v2\/posts"}],"about":[{"href":"https:\/\/uar.es\/index.php?rest_route=\/wp\/v2\/types\/post"}],"author":[{"embeddable":true,"href":"https:\/\/uar.es\/index.php?rest_route=\/wp\/v2\/users\/5"}],"replies":[{"embeddable":true,"href":"https:\/\/uar.es\/index.php?rest_route=%2Fwp%2Fv2%2Fcomments&post=746"}],"version-history":[{"count":3,"href":"https:\/\/uar.es\/index.php?rest_route=\/wp\/v2\/posts\/746\/revisions"}],"predecessor-version":[{"id":752,"href":"https:\/\/uar.es\/index.php?rest_route=\/wp\/v2\/posts\/746\/revisions\/752"}],"wp:attachment":[{"href":"https:\/\/uar.es\/index.php?rest_route=%2Fwp%2Fv2%2Fmedia&parent=746"}],"wp:term":[{"taxonomy":"category","embeddable":true,"href":"https:\/\/uar.es\/index.php?rest_route=%2Fwp%2Fv2%2Fcategories&post=746"},{"taxonomy":"post_tag","embeddable":true,"href":"https:\/\/uar.es\/index.php?rest_route=%2Fwp%2Fv2%2Ftags&post=746"}],"curies":[{"name":"wp","href":"https:\/\/api.w.org\/{rel}","templated":true}]}}