{"id":754,"date":"2014-07-22T17:02:00","date_gmt":"2014-07-22T15:02:00","guid":{"rendered":"http:\/\/uar.es\/?p=754"},"modified":"2014-07-22T17:05:46","modified_gmt":"2014-07-22T15:05:46","slug":"campionat-despanya-juvenil-a-laire-lliure","status":"publish","type":"post","link":"https:\/\/uar.es\/?p=754","title":{"rendered":"CAMPIONAT D&#8217;ESPANYA JUVENIL A L&#8217;AIRE LLIURE"},"content":{"rendered":"<p><a href=\"http:\/\/uar.es\/wp-content\/uploads\/2014\/07\/IMG-20140722-WA0001.jpg\"><img loading=\"lazy\" class=\"alignnone size-medium wp-image-755\" src=\"http:\/\/uar.es\/wp-content\/uploads\/2014\/07\/IMG-20140722-WA0001-300x200.jpg\" alt=\"IMG-20140722-WA0001\" width=\"300\" height=\"200\" srcset=\"https:\/\/uar.es\/wp-content\/uploads\/2014\/07\/IMG-20140722-WA0001-300x200.jpg 300w, https:\/\/uar.es\/wp-content\/uploads\/2014\/07\/IMG-20140722-WA0001-500x333.jpg 500w, https:\/\/uar.es\/wp-content\/uploads\/2014\/07\/IMG-20140722-WA0001.jpg 600w\" sizes=\"(max-width: 300px) 100vw, 300px\" \/><\/a><\/p>\n<p>Gran actuaci\u00f3 dels atletes rubinencs a Valladolid per finalitzar una temporada exitosa.<\/p>\n<p>Els atletes \u00e9s van despla\u00e7ar a la ciutat castellana on van gaudir d&#8217;una molt bona instal\u00b7laci\u00f3 per la pr\u00e0ctica de l&#8217;atletisme. Van demostrar el seu bon estat de forma i el seu talent competint amb els millors atletes de la categoria a nivell estatal.<\/p>\n<p>Les condicions meteorol\u00f2giques, en alguns moments, van complicar encara m\u00e9s la dif\u00edcil tasca de classificar-se per les finals.<\/p>\n<p>El Guillem Oll\u00e9 Maj\u00f3 en 200 metres llisos i l&#8217;Oriol Bravo Ruiz en 400 metres tanques van ser semifinalistes a les seves respectives proves.<\/p>\n<p>L&#8217;Iker G\u00f3mez Escudero va aconseguir una notable cinquena posici\u00f3 als 400 metres tanques amb una prometedora marca de 55&#8243;57 i nom\u00e9s a dos cent\u00e8simes del quart classificat.<\/p>\n<p>La Laura Domingo Lafuente era l&#8217;\u00fanica femina de l&#8217;expedici\u00f3, per\u00f2 aix\u00f2 no va impedir que fes un gran paper. Va classificar-se en quarta posici\u00f3 en una final molt complicada, a nom\u00e9s una d\u00e8cima de la medalla de bronze. La seva marca a la final de 56&#8243;95 significa la seva millor marca personal i nou r\u00e8cord del club a la prova.<\/p>\n<p>Felicitacions a tots els atletes i als familiars que van recoltzar amb les seves energies als nois\/es durant tot el campionat.<\/p>\n","protected":false},"excerpt":{"rendered":"<p>Gran actuaci\u00f3 dels atletes rubinencs a Valladolid per finalitzar una temporada exitosa. Els atletes \u00e9s van despla\u00e7ar a la ciutat castellana on van gaudir d&#8217;una molt bona instal\u00b7laci\u00f3 per la pr\u00e0ctica de l&#8217;atletisme. Van demostrar el seu bon estat de forma i el seu talent competint amb els millors atletes de la categoria a nivell [&hellip;]<\/p>\n","protected":false},"author":3,"featured_media":0,"comment_status":"closed","ping_status":"closed","sticky":false,"template":"","format":"standard","meta":[],"categories":[2],"tags":[],"_links":{"self":[{"href":"https:\/\/uar.es\/index.php?rest_route=\/wp\/v2\/posts\/754"}],"collection":[{"href":"https:\/\/uar.es\/index.php?rest_route=\/wp\/v2\/posts"}],"about":[{"href":"https:\/\/uar.es\/index.php?rest_route=\/wp\/v2\/types\/post"}],"author":[{"embeddable":true,"href":"https:\/\/uar.es\/index.php?rest_route=\/wp\/v2\/users\/3"}],"replies":[{"embeddable":true,"href":"https:\/\/uar.es\/index.php?rest_route=%2Fwp%2Fv2%2Fcomments&post=754"}],"version-history":[{"count":2,"href":"https:\/\/uar.es\/index.php?rest_route=\/wp\/v2\/posts\/754\/revisions"}],"predecessor-version":[{"id":757,"href":"https:\/\/uar.es\/index.php?rest_route=\/wp\/v2\/posts\/754\/revisions\/757"}],"wp:attachment":[{"href":"https:\/\/uar.es\/index.php?rest_route=%2Fwp%2Fv2%2Fmedia&parent=754"}],"wp:term":[{"taxonomy":"category","embeddable":true,"href":"https:\/\/uar.es\/index.php?rest_route=%2Fwp%2Fv2%2Fcategories&post=754"},{"taxonomy":"post_tag","embeddable":true,"href":"https:\/\/uar.es\/index.php?rest_route=%2Fwp%2Fv2%2Ftags&post=754"}],"curies":[{"name":"wp","href":"https:\/\/api.w.org\/{rel}","templated":true}]}}