{"id":774,"date":"2014-09-22T14:35:34","date_gmt":"2014-09-22T12:35:34","guid":{"rendered":"http:\/\/uar.es\/?p=774"},"modified":"2014-09-22T14:35:34","modified_gmt":"2014-09-22T12:35:34","slug":"reunio-de-pares-i-mares-de-lescola-datletisme-unio-atletica-rubi","status":"publish","type":"post","link":"https:\/\/uar.es\/?p=774","title":{"rendered":"REUNI\u00d3 DE PARES I MARES DE L&#8217;ESCOLA D&#8217;ATLETISME UNI\u00d3 ATL\u00c8TICA RUB\u00cd"},"content":{"rendered":"<p>Es convoca als pares i a les mares dels nois i noies de l&#8217;Escola d&#8217;Atletisme a la reuni\u00f3 informativa d&#8217;inici de temporada en la que s&#8217;informar\u00e0 del funcionament tant de l&#8217;escola, competicions i activitats que realitzem com a Club. \u00c9s molt important la vostra pres\u00e8ncia.<\/p>\n<p>Els dies de reuni\u00f3 s\u00f3n:<\/p>\n<p>dilluns 29 de setembre a les 19:00 per als pares i les mares dels nois i noies que entrenen els dilluns, dimecres i divendres.<\/p>\n<p>dimarts 30 de setembre a les 18:30 per als pares i les dels nois i noies que entrenen els dimarts i els dijous.<\/p>\n<p>Us esperem!!<\/p>\n<p>Escola d&#8217;Atletisme UAR<\/p>\n","protected":false},"excerpt":{"rendered":"<p>Es convoca als pares i a les mares dels nois i noies de l&#8217;Escola d&#8217;Atletisme a la reuni\u00f3 informativa d&#8217;inici de temporada en la que s&#8217;informar\u00e0 del funcionament tant de l&#8217;escola, competicions i activitats que realitzem com a Club. \u00c9s molt important la vostra pres\u00e8ncia. Els dies de reuni\u00f3 s\u00f3n: dilluns 29 de setembre a [&hellip;]<\/p>\n","protected":false},"author":3,"featured_media":0,"comment_status":"closed","ping_status":"closed","sticky":false,"template":"","format":"standard","meta":[],"categories":[2],"tags":[],"_links":{"self":[{"href":"https:\/\/uar.es\/index.php?rest_route=\/wp\/v2\/posts\/774"}],"collection":[{"href":"https:\/\/uar.es\/index.php?rest_route=\/wp\/v2\/posts"}],"about":[{"href":"https:\/\/uar.es\/index.php?rest_route=\/wp\/v2\/types\/post"}],"author":[{"embeddable":true,"href":"https:\/\/uar.es\/index.php?rest_route=\/wp\/v2\/users\/3"}],"replies":[{"embeddable":true,"href":"https:\/\/uar.es\/index.php?rest_route=%2Fwp%2Fv2%2Fcomments&post=774"}],"version-history":[{"count":1,"href":"https:\/\/uar.es\/index.php?rest_route=\/wp\/v2\/posts\/774\/revisions"}],"predecessor-version":[{"id":775,"href":"https:\/\/uar.es\/index.php?rest_route=\/wp\/v2\/posts\/774\/revisions\/775"}],"wp:attachment":[{"href":"https:\/\/uar.es\/index.php?rest_route=%2Fwp%2Fv2%2Fmedia&parent=774"}],"wp:term":[{"taxonomy":"category","embeddable":true,"href":"https:\/\/uar.es\/index.php?rest_route=%2Fwp%2Fv2%2Fcategories&post=774"},{"taxonomy":"post_tag","embeddable":true,"href":"https:\/\/uar.es\/index.php?rest_route=%2Fwp%2Fv2%2Ftags&post=774"}],"curies":[{"name":"wp","href":"https:\/\/api.w.org\/{rel}","templated":true}]}}