{"id":810,"date":"2014-10-26T09:15:51","date_gmt":"2014-10-26T07:15:51","guid":{"rendered":"http:\/\/uar.es\/?p=810"},"modified":"2014-10-28T23:46:03","modified_gmt":"2014-10-28T21:46:03","slug":"classificacions-jornada-de-promocio-25-doctubre","status":"publish","type":"post","link":"https:\/\/uar.es\/?p=810","title":{"rendered":"CLASSIFICACIONS JORNADA DE PROMOCI\u00d3 25 D&#8217;OCTUBRE"},"content":{"rendered":"<p>Est\u00e1n disponibles les classifcacions de la Jornada de promoci\u00f3 disputada el 25 d&#8217;Octubre 2014 a les pistes de Can Roses.<\/p>\n<p>Clickeu els seg\u00fcents enlla\u00e7os:<\/p>\n<p><a href=\"http:\/\/uar.es\/wp-content\/uploads\/2014\/10\/Pre-benjam\u00ed1.pdf\">Pre-benjam\u00ed<\/a>\u00a0<a href=\"http:\/\/uar.es\/wp-content\/uploads\/2014\/10\/Juvenil.pdf\">Juvenil<\/a> <a href=\"http:\/\/uar.es\/wp-content\/uploads\/2014\/10\/Infantil.pdf\">Infantil<\/a> <a href=\"http:\/\/uar.es\/wp-content\/uploads\/2014\/10\/Cadet.pdf\">Cadet<\/a> <a href=\"http:\/\/uar.es\/wp-content\/uploads\/2014\/10\/Benjam\u00ed.pdf\">Benjam\u00ed<\/a> <a href=\"http:\/\/uar.es\/wp-content\/uploads\/2014\/10\/Alev\u00ed.pdf\">Alev\u00ed<\/a><\/p>\n<p>Fotograf\u00edes Jornada:<\/p>\n<p><a href=\"https:\/\/plus.google.com\/photos\/113516506817809342703\/albums\/6074911174092168705\">https:\/\/plus.google.com\/photos\/113516506817809342703\/albums\/6074911174092168705<\/a><\/p>\n<p style=\"margin: 0cm 0cm 0pt;\"><a href=\"https:\/\/plus.google.com\/photos\/113516506817809342703\/albums\/6074598667533359297\"><span style=\"color: #0000ff; font-family: Times New Roman; font-size: medium;\">https:\/\/plus.google.com\/photos\/113516506817809342703\/albums\/6074598667533359297<\/span><\/a><\/p>\n<p>&nbsp;<\/p>\n","protected":false},"excerpt":{"rendered":"<p>Est\u00e1n disponibles les classifcacions de la Jornada de promoci\u00f3 disputada el 25 d&#8217;Octubre 2014 a les pistes de Can Roses. Clickeu els seg\u00fcents enlla\u00e7os: Pre-benjam\u00ed\u00a0Juvenil Infantil Cadet Benjam\u00ed Alev\u00ed Fotograf\u00edes Jornada: https:\/\/plus.google.com\/photos\/113516506817809342703\/albums\/6074911174092168705 https:\/\/plus.google.com\/photos\/113516506817809342703\/albums\/6074598667533359297 &nbsp;<\/p>\n","protected":false},"author":3,"featured_media":0,"comment_status":"closed","ping_status":"closed","sticky":false,"template":"","format":"standard","meta":[],"categories":[2],"tags":[],"_links":{"self":[{"href":"https:\/\/uar.es\/index.php?rest_route=\/wp\/v2\/posts\/810"}],"collection":[{"href":"https:\/\/uar.es\/index.php?rest_route=\/wp\/v2\/posts"}],"about":[{"href":"https:\/\/uar.es\/index.php?rest_route=\/wp\/v2\/types\/post"}],"author":[{"embeddable":true,"href":"https:\/\/uar.es\/index.php?rest_route=\/wp\/v2\/users\/3"}],"replies":[{"embeddable":true,"href":"https:\/\/uar.es\/index.php?rest_route=%2Fwp%2Fv2%2Fcomments&post=810"}],"version-history":[{"count":5,"href":"https:\/\/uar.es\/index.php?rest_route=\/wp\/v2\/posts\/810\/revisions"}],"predecessor-version":[{"id":835,"href":"https:\/\/uar.es\/index.php?rest_route=\/wp\/v2\/posts\/810\/revisions\/835"}],"wp:attachment":[{"href":"https:\/\/uar.es\/index.php?rest_route=%2Fwp%2Fv2%2Fmedia&parent=810"}],"wp:term":[{"taxonomy":"category","embeddable":true,"href":"https:\/\/uar.es\/index.php?rest_route=%2Fwp%2Fv2%2Fcategories&post=810"},{"taxonomy":"post_tag","embeddable":true,"href":"https:\/\/uar.es\/index.php?rest_route=%2Fwp%2Fv2%2Ftags&post=810"}],"curies":[{"name":"wp","href":"https:\/\/api.w.org\/{rel}","templated":true}]}}