{"id":82,"date":"2013-02-20T18:13:17","date_gmt":"2013-02-20T17:13:17","guid":{"rendered":"http:\/\/test.uar.es\/?p=82"},"modified":"2013-07-15T18:14:15","modified_gmt":"2013-07-15T17:14:15","slug":"bona-participacio-al-35e-cros-de-rubi","status":"publish","type":"post","link":"https:\/\/uar.es\/?p=82","title":{"rendered":"BONA PARTICIPACI\u00d3 AL 35\u00e8 CROS DE RUBI"},"content":{"rendered":"<p>El Passat diumenge es va celebrar al Bosc de Ca n\u2019Oriol el 35\u00e8 Cros de Rub\u00ed, gaireb\u00e9 900 atletes van participar en les diferents curses programades. A les 9:00 hores es va donar la sortida a la cursa Open que va comptar amb una bona participaci\u00f3. A continuaci\u00f3 van comen\u00e7ar les curses de la resta de categories. Com sempre, les curses de les categories d\u2019alevins i benjamins van ser les m\u00e9s nombroses i va ser en aquest moment quan l\u2019era de Ca n\u2019Oriol estava plena d\u2019atletes i\u00a0 p\u00fablic. Cal dir, que l\u2019organitzaci\u00f3 va funcionar de manera correcte, tot i que les darreres curses es van endarrerir una mica. Despr\u00e9s de molts anys, el Cros torna al seu lloc natural i \u00e9s d\u2019agrair, que tan l\u2019Ajuntament com la UAR, hagin pres la decisi\u00f3 de tornar-lo a fer al Bosc de Ca n\u2019Oriol. Tenim la base per a que el Cros de Rub\u00ed arribi en els proper anys i per a qu\u00e8 sigui un referent en el calendari catal\u00e0.<\/p>\n<p>L\u2019entrega de premis va comptar amb la presencia del Regidor d\u2019esports\u00a0<strong>Josep Castro\u00a0<\/strong>i el president de la UAR\u00a0<strong>Jos\u00e9 Manuel Santamaria<\/strong>.<\/p>\n<p><img loading=\"lazy\" alt=\"\" src=\"http:\/\/www.uar.es\/img\/P2171598.jpg\" width=\"737\" height=\"553\" \/><\/p>\n","protected":false},"excerpt":{"rendered":"<p>El Passat diumenge es va celebrar al Bosc de Ca n\u2019Oriol el 35\u00e8 Cros de Rub\u00ed, gaireb\u00e9 900 atletes van participar en les diferents curses programades. A les 9:00 hores es va donar la sortida a la cursa Open que va comptar amb una bona participaci\u00f3. A continuaci\u00f3 van comen\u00e7ar les curses de la resta [&hellip;]<\/p>\n","protected":false},"author":1,"featured_media":0,"comment_status":"closed","ping_status":"closed","sticky":false,"template":"","format":"standard","meta":[],"categories":[2],"tags":[],"_links":{"self":[{"href":"https:\/\/uar.es\/index.php?rest_route=\/wp\/v2\/posts\/82"}],"collection":[{"href":"https:\/\/uar.es\/index.php?rest_route=\/wp\/v2\/posts"}],"about":[{"href":"https:\/\/uar.es\/index.php?rest_route=\/wp\/v2\/types\/post"}],"author":[{"embeddable":true,"href":"https:\/\/uar.es\/index.php?rest_route=\/wp\/v2\/users\/1"}],"replies":[{"embeddable":true,"href":"https:\/\/uar.es\/index.php?rest_route=%2Fwp%2Fv2%2Fcomments&post=82"}],"version-history":[{"count":1,"href":"https:\/\/uar.es\/index.php?rest_route=\/wp\/v2\/posts\/82\/revisions"}],"predecessor-version":[{"id":83,"href":"https:\/\/uar.es\/index.php?rest_route=\/wp\/v2\/posts\/82\/revisions\/83"}],"wp:attachment":[{"href":"https:\/\/uar.es\/index.php?rest_route=%2Fwp%2Fv2%2Fmedia&parent=82"}],"wp:term":[{"taxonomy":"category","embeddable":true,"href":"https:\/\/uar.es\/index.php?rest_route=%2Fwp%2Fv2%2Fcategories&post=82"},{"taxonomy":"post_tag","embeddable":true,"href":"https:\/\/uar.es\/index.php?rest_route=%2Fwp%2Fv2%2Ftags&post=82"}],"curies":[{"name":"wp","href":"https:\/\/api.w.org\/{rel}","templated":true}]}}