{"id":820,"date":"2014-10-27T15:10:01","date_gmt":"2014-10-27T13:10:01","guid":{"rendered":"http:\/\/uar.es\/?p=820"},"modified":"2014-10-27T15:40:13","modified_gmt":"2014-10-27T13:40:13","slug":"fotografies-jornada-de-promocio-25-doctubre-2014","status":"publish","type":"post","link":"https:\/\/uar.es\/?p=820","title":{"rendered":"FOTOGRAF\u00cdES CAMPIONAT DEL VALL\u00c8S"},"content":{"rendered":"<p>Ja teniu disponibles galeria de fotograf\u00edes de les jornades del Campionat del Vall\u00e8s dels ultims dos cap de setmana cel.lebrat en Barber\u00e0 del Vall\u00e8s<\/p>\n<p><a href=\"https:\/\/plus.google.com\/photos\/113516506817809342703\/albums\/6074783054364500977\">https:\/\/plus.google.com\/photos\/113516506817809342703\/albums\/6074783054364500977<\/a><\/p>\n<p>&nbsp;<\/p>\n<p>&nbsp;<\/p>\n","protected":false},"excerpt":{"rendered":"<p>Ja teniu disponibles galeria de fotograf\u00edes de les jornades del Campionat del Vall\u00e8s dels ultims dos cap de setmana cel.lebrat en Barber\u00e0 del Vall\u00e8s https:\/\/plus.google.com\/photos\/113516506817809342703\/albums\/6074783054364500977 &nbsp; &nbsp;<\/p>\n","protected":false},"author":3,"featured_media":0,"comment_status":"closed","ping_status":"closed","sticky":false,"template":"","format":"standard","meta":[],"categories":[2],"tags":[],"_links":{"self":[{"href":"https:\/\/uar.es\/index.php?rest_route=\/wp\/v2\/posts\/820"}],"collection":[{"href":"https:\/\/uar.es\/index.php?rest_route=\/wp\/v2\/posts"}],"about":[{"href":"https:\/\/uar.es\/index.php?rest_route=\/wp\/v2\/types\/post"}],"author":[{"embeddable":true,"href":"https:\/\/uar.es\/index.php?rest_route=\/wp\/v2\/users\/3"}],"replies":[{"embeddable":true,"href":"https:\/\/uar.es\/index.php?rest_route=%2Fwp%2Fv2%2Fcomments&post=820"}],"version-history":[{"count":4,"href":"https:\/\/uar.es\/index.php?rest_route=\/wp\/v2\/posts\/820\/revisions"}],"predecessor-version":[{"id":826,"href":"https:\/\/uar.es\/index.php?rest_route=\/wp\/v2\/posts\/820\/revisions\/826"}],"wp:attachment":[{"href":"https:\/\/uar.es\/index.php?rest_route=%2Fwp%2Fv2%2Fmedia&parent=820"}],"wp:term":[{"taxonomy":"category","embeddable":true,"href":"https:\/\/uar.es\/index.php?rest_route=%2Fwp%2Fv2%2Fcategories&post=820"},{"taxonomy":"post_tag","embeddable":true,"href":"https:\/\/uar.es\/index.php?rest_route=%2Fwp%2Fv2%2Ftags&post=820"}],"curies":[{"name":"wp","href":"https:\/\/api.w.org\/{rel}","templated":true}]}}