{"id":839,"date":"2014-11-08T20:18:50","date_gmt":"2014-11-08T18:18:50","guid":{"rendered":"http:\/\/uar.es\/?p=839"},"modified":"2014-11-14T19:58:04","modified_gmt":"2014-11-14T17:58:04","slug":"15a-nit-de-la-uar","status":"publish","type":"post","link":"https:\/\/uar.es\/?p=839","title":{"rendered":"15\u00aa NIT DE LA UAR"},"content":{"rendered":"<p><em>Benvolguts socis:<\/em><\/p>\n<p><em>Un any m\u00e9s la UNI\u00d3 ATL\u00c8TICA RUB\u00cd organitza \u00a8 LA NIT DE LA UAR \u00a8 la nit de l\u2019atletisme Rubinenc. L\u2019acte d\u2019aquesta 15 a\u00a0 edici\u00f3 tindr\u00e0 lloc al RESTAURANT CAL PUPINET de Castellbisbal ,el dissabte 29 de Novembre de 2014\u00a0 a les 21:00 hores.<\/em><em>\u00a0<\/em><\/p>\n<p><em>En aquesta NIT es tracta de reunir-nos tots els que formem part de l\u2018atletisme\u00a0 rubinenc i seguir la\u00a0 tradici\u00f3 de fer una valoraci\u00f3 de la temporada 2013-2014 i dels \u00e8xits assolits pels nostres atletes.<\/em><strong><em>\u00a0<\/em><\/strong><\/p>\n<p><strong><em>Prec accepteu aquesta invitaci\u00f3 ja que a nosaltres ens agradaria molt poder contar amb la seva pres\u00e8ncia<\/em><\/strong><em>\u00a0<\/em><\/p>\n<p><em>Confiem poder gaudir amb la seva pres\u00e8ncia per tal de poder fer d\u2019aquesta NIT de festa una gran tradici\u00f3 anyal, preguem confirmeu la vostre assist\u00e8ncia al tlf. 935882762 de 18\u201900 a 21\u201900 hores abans del d\u00eda 24 de Novembre.<\/em><em>\u00a0<\/em><\/p>\n<p>Per a informaci\u00f3 sobre preus, men\u00fa i ubicaci\u00f3 del restaurant clickeu:<\/p>\n<p><a href=\"http:\/\/uar.es\/wp-content\/uploads\/2014\/11\/Nit-de-la-Uar-20142.pdf\">Nit de la Uar 2014<\/a><\/p>\n<p><em>\u00a0Rebeu una cordial salutaci\u00f3.<\/em><em>\u00a0\u00a0\u00a0\u00a0\u00a0\u00a0\u00a0\u00a0\u00a0\u00a0\u00a0\u00a0\u00a0\u00a0\u00a0\u00a0\u00a0\u00a0\u00a0\u00a0\u00a0\u00a0\u00a0\u00a0\u00a0\u00a0\u00a0\u00a0\u00a0\u00a0\u00a0\u00a0\u00a0\u00a0\u00a0\u00a0\u00a0\u00a0\u00a0\u00a0\u00a0\u00a0\u00a0\u00a0\u00a0\u00a0\u00a0\u00a0 <\/em><\/p>\n<p>&nbsp;<\/p>\n<p><em>Rub\u00ed, 8 de Novembre de 2014 \u00a0\u00a0\u00a0\u00a0\u00a0\u00a0\u00a0\u00a0\u00a0\u00a0\u00a0\u00a0\u00a0\u00a0\u00a0\u00a0\u00a0\u00a0\u00a0\u00a0\u00a0\u00a0\u00a0\u00a0\u00a0\u00a0\u00a0\u00a0\u00a0\u00a0\u00a0\u00a0\u00a0\u00a0\u00a0\u00a0\u00a0\u00a0\u00a0\u00a0\u00a0\u00a0\u00a0\u00a0\u00a0\u00a0\u00a0\u00a0\u00a0\u00a0\u00a0\u00a0\u00a0\u00a0\u00a0\u00a0\u00a0\u00a0\u00a0\u00a0\u00a0\u00a0\u00a0\u00a0\u00a0\u00a0\u00a0\u00a0\u00a0\u00a0\u00a0\u00a0\u00a0\u00a0\u00a0\u00a0\u00a0\u00a0\u00a0\u00a0\u00a0\u00a0\u00a0\u00a0\u00a0\u00a0\u00a0\u00a0\u00a0\u00a0\u00a0\u00a0\u00a0\u00a0\u00a0\u00a0\u00a0\u00a0\u00a0\u00a0\u00a0\u00a0\u00a0\u00a0\u00a0\u00a0\u00a0\u00a0\u00a0\u00a0\u00a0\u00a0\u00a0\u00a0\u00a0\u00a0\u00a0\u00a0\u00a0\u00a0\u00a0\u00a0\u00a0\u00a0\u00a0\u00a0\u00a0\u00a0\u00a0\u00a0\u00a0\u00a0\u00a0\u00a0\u00a0\u00a0\u00a0\u00a0\u00a0\u00a0\u00a0\u00a0\u00a0\u00a0\u00a0\u00a0\u00a0\u00a0\u00a0\u00a0\u00a0\u00a0\u00a0\u00a0\u00a0\u00a0\u00a0\u00a0\u00a0\u00a0\u00a0\u00a0\u00a0\u00a0\u00a0\u00a0\u00a0\u00a0\u00a0\u00a0\u00a0\u00a0\u00a0\u00a0\u00a0\u00a0\u00a0\u00a0\u00a0\u00a0\u00a0\u00a0\u00a0\u00a0\u00a0\u00a0\u00a0\u00a0\u00a0\u00a0\u00a0 <\/em><\/p>\n<h3><em>\u00a0<\/em><\/h3>\n<p><em>\u00a0\u00a0\u00a0\u00a0\u00a0\u00a0\u00a0\u00a0\u00a0\u00a0\u00a0\u00a0\u00a0\u00a0\u00a0\u00a0\u00a0\u00a0\u00a0\u00a0\u00a0\u00a0\u00a0\u00a0\u00a0\u00a0\u00a0\u00a0\u00a0\u00a0\u00a0\u00a0\u00a0\u00a0\u00a0\u00a0\u00a0\u00a0\u00a0\u00a0\u00a0\u00a0\u00a0\u00a0\u00a0\u00a0\u00a0\u00a0\u00a0\u00a0\u00a0\u00a0\u00a0\u00a0\u00a0\u00a0\u00a0\u00a0\u00a0\u00a0\u00a0\u00a0\u00a0\u00a0\u00a0\u00a0\u00a0\u00a0\u00a0\u00a0\u00a0\u00a0\u00a0\u00a0 J. Manuel Santamar\u00eda Rodr\u00edguez<\/em><\/p>\n<p><em>\u00a0\u00a0\u00a0\u00a0\u00a0\u00a0\u00a0\u00a0\u00a0\u00a0\u00a0\u00a0\u00a0\u00a0\u00a0\u00a0\u00a0\u00a0\u00a0\u00a0\u00a0\u00a0\u00a0\u00a0\u00a0\u00a0\u00a0\u00a0\u00a0\u00a0\u00a0\u00a0\u00a0\u00a0\u00a0\u00a0\u00a0\u00a0\u00a0\u00a0\u00a0\u00a0\u00a0\u00a0\u00a0\u00a0\u00a0\u00a0\u00a0\u00a0\u00a0\u00a0\u00a0\u00a0\u00a0\u00a0\u00a0\u00a0\u00a0\u00a0 \u00a0\u00a0\u00a0\u00a0\u00a0\u00a0\u00a0\u00a0\u00a0\u00a0\u00a0\u00a0\u00a0\u00a0\u00a0\u00a0\u00a0\u00a0\u00a0\u00a0\u00a0\u00a0\u00a0\u00a0\u00a0\u00a0President de la UAR<\/em><\/p>\n","protected":false},"excerpt":{"rendered":"<p>Benvolguts socis: Un any m\u00e9s la UNI\u00d3 ATL\u00c8TICA RUB\u00cd organitza \u00a8 LA NIT DE LA UAR \u00a8 la nit de l\u2019atletisme Rubinenc. L\u2019acte d\u2019aquesta 15 a\u00a0 edici\u00f3 tindr\u00e0 lloc al RESTAURANT CAL PUPINET de Castellbisbal ,el dissabte 29 de Novembre de 2014\u00a0 a les 21:00 hores.\u00a0 En aquesta NIT es tracta de reunir-nos tots els [&hellip;]<\/p>\n","protected":false},"author":3,"featured_media":0,"comment_status":"closed","ping_status":"closed","sticky":false,"template":"","format":"standard","meta":[],"categories":[2],"tags":[],"_links":{"self":[{"href":"https:\/\/uar.es\/index.php?rest_route=\/wp\/v2\/posts\/839"}],"collection":[{"href":"https:\/\/uar.es\/index.php?rest_route=\/wp\/v2\/posts"}],"about":[{"href":"https:\/\/uar.es\/index.php?rest_route=\/wp\/v2\/types\/post"}],"author":[{"embeddable":true,"href":"https:\/\/uar.es\/index.php?rest_route=\/wp\/v2\/users\/3"}],"replies":[{"embeddable":true,"href":"https:\/\/uar.es\/index.php?rest_route=%2Fwp%2Fv2%2Fcomments&post=839"}],"version-history":[{"count":5,"href":"https:\/\/uar.es\/index.php?rest_route=\/wp\/v2\/posts\/839\/revisions"}],"predecessor-version":[{"id":850,"href":"https:\/\/uar.es\/index.php?rest_route=\/wp\/v2\/posts\/839\/revisions\/850"}],"wp:attachment":[{"href":"https:\/\/uar.es\/index.php?rest_route=%2Fwp%2Fv2%2Fmedia&parent=839"}],"wp:term":[{"taxonomy":"category","embeddable":true,"href":"https:\/\/uar.es\/index.php?rest_route=%2Fwp%2Fv2%2Fcategories&post=839"},{"taxonomy":"post_tag","embeddable":true,"href":"https:\/\/uar.es\/index.php?rest_route=%2Fwp%2Fv2%2Ftags&post=839"}],"curies":[{"name":"wp","href":"https:\/\/api.w.org\/{rel}","templated":true}]}}