{"id":889,"date":"2014-12-06T17:01:49","date_gmt":"2014-12-06T15:01:49","guid":{"rendered":"http:\/\/uar.es\/?p=889"},"modified":"2014-12-06T22:33:33","modified_gmt":"2014-12-06T20:33:33","slug":"fotografies-15a-nit-de-la-uar","status":"publish","type":"post","link":"https:\/\/uar.es\/?p=889","title":{"rendered":"FOTOGRAFIES 15\u00aa NIT DE LA UAR"},"content":{"rendered":"<p>Ja teniu disponibles el reportatge fotogr\u00e0fic de la nit de la UAR que es va cel,lebrar el passat 19 de Novembre:<\/p>\n<p>Aqu\u00ed teniu  l&#8217;enlla\u00e7:<\/p>\n<p><a href=\"https:\/\/plus.google.com\/photos\/113516506817809342703\/albums\/6089272802497415617\">https:\/\/plus.google.com\/photos\/113516506817809342703\/albums\/6089272802497415617<\/a><\/p>\n","protected":false},"excerpt":{"rendered":"<p>Ja teniu disponibles el reportatge fotogr\u00e0fic de la nit de la UAR que es va cel,lebrar el passat 19 de Novembre: Aqu\u00ed teniu l&#8217;enlla\u00e7: https:\/\/plus.google.com\/photos\/113516506817809342703\/albums\/6089272802497415617<\/p>\n","protected":false},"author":3,"featured_media":0,"comment_status":"closed","ping_status":"closed","sticky":false,"template":"","format":"standard","meta":[],"categories":[2],"tags":[],"_links":{"self":[{"href":"https:\/\/uar.es\/index.php?rest_route=\/wp\/v2\/posts\/889"}],"collection":[{"href":"https:\/\/uar.es\/index.php?rest_route=\/wp\/v2\/posts"}],"about":[{"href":"https:\/\/uar.es\/index.php?rest_route=\/wp\/v2\/types\/post"}],"author":[{"embeddable":true,"href":"https:\/\/uar.es\/index.php?rest_route=\/wp\/v2\/users\/3"}],"replies":[{"embeddable":true,"href":"https:\/\/uar.es\/index.php?rest_route=%2Fwp%2Fv2%2Fcomments&post=889"}],"version-history":[{"count":4,"href":"https:\/\/uar.es\/index.php?rest_route=\/wp\/v2\/posts\/889\/revisions"}],"predecessor-version":[{"id":893,"href":"https:\/\/uar.es\/index.php?rest_route=\/wp\/v2\/posts\/889\/revisions\/893"}],"wp:attachment":[{"href":"https:\/\/uar.es\/index.php?rest_route=%2Fwp%2Fv2%2Fmedia&parent=889"}],"wp:term":[{"taxonomy":"category","embeddable":true,"href":"https:\/\/uar.es\/index.php?rest_route=%2Fwp%2Fv2%2Fcategories&post=889"},{"taxonomy":"post_tag","embeddable":true,"href":"https:\/\/uar.es\/index.php?rest_route=%2Fwp%2Fv2%2Ftags&post=889"}],"curies":[{"name":"wp","href":"https:\/\/api.w.org\/{rel}","templated":true}]}}