{"id":897,"date":"2014-12-18T20:14:27","date_gmt":"2014-12-18T18:14:27","guid":{"rendered":"http:\/\/uar.es\/?p=897"},"modified":"2014-12-18T20:14:27","modified_gmt":"2014-12-18T18:14:27","slug":"horaris-dobertura-de-la-instal-lacio","status":"publish","type":"post","link":"https:\/\/uar.es\/?p=897","title":{"rendered":"HORARIS D&#8217;OBERTURA DE LA INSTAL.LACI\u00d3"},"content":{"rendered":"<p>Detallem horaris d&#8217;obertura de la instal.laci\u00f3 per les festes de Nadal i Cap d&#8217;any:<\/p>\n<p>24 i 31 desembre 2014. Obert fins a les 14:00 hores.<br \/>\n28 i 29 desembre 2014. Horari d&#8217;obertura normal mat\u00ed i tarda.<br \/>\n25 al 28 desembre 2014. Instal.laci\u00f3 tancada<br \/>\n3,4 i 6 gener 2015. Instal.laci\u00f3 tancada<br \/>\n2 i 5 gener 2045. Horari d&#8217;obertura normal mat\u00ed i tarda.<\/p>\n<p>Uni\u00f3 Atl\u00e8tica Rub\u00ed<\/p>\n","protected":false},"excerpt":{"rendered":"<p>Detallem horaris d&#8217;obertura de la instal.laci\u00f3 per les festes de Nadal i Cap d&#8217;any: 24 i 31 desembre 2014. Obert fins a les 14:00 hores. 28 i 29 desembre 2014. Horari d&#8217;obertura normal mat\u00ed i tarda. 25 al 28 desembre 2014. Instal.laci\u00f3 tancada 3,4 i 6 gener 2015. Instal.laci\u00f3 tancada 2 i 5 gener 2045. [&hellip;]<\/p>\n","protected":false},"author":3,"featured_media":0,"comment_status":"closed","ping_status":"closed","sticky":false,"template":"","format":"standard","meta":[],"categories":[2],"tags":[],"_links":{"self":[{"href":"https:\/\/uar.es\/index.php?rest_route=\/wp\/v2\/posts\/897"}],"collection":[{"href":"https:\/\/uar.es\/index.php?rest_route=\/wp\/v2\/posts"}],"about":[{"href":"https:\/\/uar.es\/index.php?rest_route=\/wp\/v2\/types\/post"}],"author":[{"embeddable":true,"href":"https:\/\/uar.es\/index.php?rest_route=\/wp\/v2\/users\/3"}],"replies":[{"embeddable":true,"href":"https:\/\/uar.es\/index.php?rest_route=%2Fwp%2Fv2%2Fcomments&post=897"}],"version-history":[{"count":2,"href":"https:\/\/uar.es\/index.php?rest_route=\/wp\/v2\/posts\/897\/revisions"}],"predecessor-version":[{"id":899,"href":"https:\/\/uar.es\/index.php?rest_route=\/wp\/v2\/posts\/897\/revisions\/899"}],"wp:attachment":[{"href":"https:\/\/uar.es\/index.php?rest_route=%2Fwp%2Fv2%2Fmedia&parent=897"}],"wp:term":[{"taxonomy":"category","embeddable":true,"href":"https:\/\/uar.es\/index.php?rest_route=%2Fwp%2Fv2%2Fcategories&post=897"},{"taxonomy":"post_tag","embeddable":true,"href":"https:\/\/uar.es\/index.php?rest_route=%2Fwp%2Fv2%2Ftags&post=897"}],"curies":[{"name":"wp","href":"https:\/\/api.w.org\/{rel}","templated":true}]}}