{"id":920,"date":"2014-12-29T16:56:22","date_gmt":"2014-12-29T14:56:22","guid":{"rendered":"http:\/\/uar.es\/?p=920"},"modified":"2014-12-29T17:05:40","modified_gmt":"2014-12-29T15:05:40","slug":"cros-social-2014","status":"publish","type":"post","link":"https:\/\/uar.es\/?p=920","title":{"rendered":"CROS SOCIAL 2014"},"content":{"rendered":"<p><a href=\"http:\/\/uar.es\/wp-content\/uploads\/2014\/12\/IMG_67661.jpg\"><img loading=\"lazy\" class=\"aligncenter wp-image-926 size-full\" src=\"http:\/\/uar.es\/wp-content\/uploads\/2014\/12\/IMG_67661.jpg\" alt=\"IMG_6766[1]\" width=\"600\" height=\"292\" srcset=\"https:\/\/uar.es\/wp-content\/uploads\/2014\/12\/IMG_67661.jpg 600w, https:\/\/uar.es\/wp-content\/uploads\/2014\/12\/IMG_67661-300x146.jpg 300w, https:\/\/uar.es\/wp-content\/uploads\/2014\/12\/IMG_67661-500x243.jpg 500w\" sizes=\"(max-width: 600px) 100vw, 600px\" \/><\/a><\/p>\n<p>El passat\u00a028 de Desembre es va cel.lebrar el tradicional cross social que va reunir<span class=\"Apple-converted-space\">\u00a0<\/span>a\u00a0socis i amics en les instal.lacions de Can Ros\u00e9s.<\/p>\n<p>Un agradable temps va acompanyar les diverses curses que es van realitzar pels circuits del cross que t\u00e9 la instal.laci\u00f3. Despr\u00e9s es va oferir a tots els atletes un esmorzar gratu\u00eft i es va fer la entrega de premis als guanyadors de las curses disputades.<\/p>\n<p><a href=\"https:\/\/plus.google.com\/115374071974570991454\/posts\/b2FVXick15v?gpinv=AMIXal_dHO93KH9IsGl8A-RVN6eDUerncu16hPQDbRkBY5J3kXA3ObmFoZ0RFtL7jzzlCRJc___KxIB-u6gs--5hXL7uESuBwZ1LjVZn0a8tL9xGjpGSq7o&amp;cfem=1&amp;pid=6097887282624691426&amp;oid=115374071974570991454\">*Fotografies Emilio S\u00e1nchez*<\/a><\/p>\n<p>Ja tenim disponibles les classificacions:<\/p>\n<p><a href=\"http:\/\/uar.es\/wp-content\/uploads\/2014\/12\/Classificacio-1\u00aa-cursa-Cross-Social-2014.pdf\">Classificacio 1\u00aa cursa Cross Social 2014<\/a><\/p>\n<p><a href=\"http:\/\/uar.es\/wp-content\/uploads\/2014\/12\/Classificaci\u00f3-2\u00aa-cursa-Cross-Social-2014.pdf\">Classificaci\u00f3 2\u00aa cursa Cross Social 2014<\/a><\/p>\n<p><a href=\"http:\/\/uar.es\/wp-content\/uploads\/2014\/12\/Classificaci\u00f3-3\u00aa-cursa-Cross-Social-2014.pdf\">Classificaci\u00f3 3\u00aa cursa Cross Social 2014<\/a><\/p>\n","protected":false},"excerpt":{"rendered":"<p>El passat\u00a028 de Desembre es va cel.lebrar el tradicional cross social que va reunir\u00a0a\u00a0socis i amics en les instal.lacions de Can Ros\u00e9s. Un agradable temps va acompanyar les diverses curses que es van realitzar pels circuits del cross que t\u00e9 la instal.laci\u00f3. Despr\u00e9s es va oferir a tots els atletes un esmorzar gratu\u00eft i es [&hellip;]<\/p>\n","protected":false},"author":3,"featured_media":0,"comment_status":"closed","ping_status":"closed","sticky":false,"template":"","format":"standard","meta":[],"categories":[2],"tags":[],"_links":{"self":[{"href":"https:\/\/uar.es\/index.php?rest_route=\/wp\/v2\/posts\/920"}],"collection":[{"href":"https:\/\/uar.es\/index.php?rest_route=\/wp\/v2\/posts"}],"about":[{"href":"https:\/\/uar.es\/index.php?rest_route=\/wp\/v2\/types\/post"}],"author":[{"embeddable":true,"href":"https:\/\/uar.es\/index.php?rest_route=\/wp\/v2\/users\/3"}],"replies":[{"embeddable":true,"href":"https:\/\/uar.es\/index.php?rest_route=%2Fwp%2Fv2%2Fcomments&post=920"}],"version-history":[{"count":3,"href":"https:\/\/uar.es\/index.php?rest_route=\/wp\/v2\/posts\/920\/revisions"}],"predecessor-version":[{"id":928,"href":"https:\/\/uar.es\/index.php?rest_route=\/wp\/v2\/posts\/920\/revisions\/928"}],"wp:attachment":[{"href":"https:\/\/uar.es\/index.php?rest_route=%2Fwp%2Fv2%2Fmedia&parent=920"}],"wp:term":[{"taxonomy":"category","embeddable":true,"href":"https:\/\/uar.es\/index.php?rest_route=%2Fwp%2Fv2%2Fcategories&post=920"},{"taxonomy":"post_tag","embeddable":true,"href":"https:\/\/uar.es\/index.php?rest_route=%2Fwp%2Fv2%2Ftags&post=920"}],"curies":[{"name":"wp","href":"https:\/\/api.w.org\/{rel}","templated":true}]}}