{"id":929,"date":"2015-01-01T21:11:06","date_gmt":"2015-01-01T19:11:06","guid":{"rendered":"http:\/\/uar.es\/?p=929"},"modified":"2015-01-01T21:11:06","modified_gmt":"2015-01-01T19:11:06","slug":"convocatoria-dassemblea-ordinaria-4","status":"publish","type":"post","link":"https:\/\/uar.es\/?p=929","title":{"rendered":"CONVOCATORIA D\u2019ASSEMBLEA ORDINARIA"},"content":{"rendered":"<p><strong>Benvolgut amics<\/strong><\/p>\n<p><strong>\u00a0<\/strong><strong>La Uni\u00f3 Atl\u00e8tica Rub\u00ed us convoca a l\u2019assemblea general ordin\u00e0ria que farem a la nostra instal\u00b7laci\u00f3 el proper<\/strong> <strong><span style=\"color: #ff0000;\"><em>dissabte 24 de Gener de 2015 a les 10\u201900<\/em><em> hores<\/em> <\/span>en primera convocat\u00f2ria i en el seu cas a les 10\u201930 hores en segona.<\/strong><\/p>\n<p><strong>\u00a0<\/strong><strong>Ordre del dia:<\/strong><\/p>\n<p><strong>\u00a0<\/strong><strong>\u00a0\u00a0 1.Lectura i aprovaci\u00f3 de l\u2019acta anterior.<\/strong><\/p>\n<p><strong>\u00a0\u00a0 \u00a02.Informaci\u00f3 general de la actual situaci\u00f3 del Club i inici proc\u00e9s convocat\u00f2ria eleccions anticipades.<\/strong><\/p>\n<p><strong>\u00a0\u00a0 3.Balan\u00e7 econ\u00f2mic tancament exercici 2014 i previsi\u00f3 2015<\/strong><\/p>\n<p><strong>\u00a0\u00a0 4.Balan\u00e7 Esportiu temporada 2013-14 i previsi\u00f3 2015<\/strong><\/p>\n<p><strong>\u00a0\u00a0\u00a0\u00a0\u00a0 -Escola d&#8217;atletisme-UAR<\/strong><\/p>\n<p><strong>\u00a0\u00a0\u00a0\u00a0\u00a0 -Secci\u00f3 de fons-UAR<\/strong><\/p>\n<p><strong>\u00a0\u00a0\u00a0\u00a0\u00a0 -Secci\u00f3 de triatl\u00f3-UAR<\/strong><\/p>\n<p><strong>\u00a0\u00a0 5.Prec i preguntes.<\/strong><strong>\u00a0<\/strong><\/p>\n<p><strong>Es molt important la vostra participaci\u00f3, el Club som tots.<\/strong><\/p>\n<p><strong>Rebeu una cordial salutaci\u00f3.<\/strong><strong>\u00a0<\/strong><\/p>\n<p><strong>\u00a0\u00a0\u00a0\u00a0\u00a0\u00a0\u00a0\u00a0\u00a0\u00a0\u00a0\u00a0\u00a0\u00a0\u00a0\u00a0\u00a0\u00a0\u00a0\u00a0\u00a0\u00a0\u00a0\u00a0\u00a0\u00a0\u00a0\u00a0\u00a0\u00a0\u00a0\u00a0\u00a0\u00a0\u00a0\u00a0\u00a0 <\/strong><\/p>\n<p><strong>\u00a0\u00a0\u00a0\u00a0\u00a0\u00a0\u00a0\u00a0\u00a0\u00a0\u00a0\u00a0\u00a0\u00a0\u00a0\u00a0\u00a0\u00a0\u00a0\u00a0\u00a0\u00a0\u00a0\u00a0\u00a0\u00a0\u00a0\u00a0\u00a0\u00a0\u00a0\u00a0\u00a0\u00a0\u00a0\u00a0\u00a0\u00a0\u00a0 Jos\u00e9 Manuel Santamar\u00eda Rodr\u00edguez<\/strong><\/p>\n<p><strong>\u00a0\u00a0\u00a0\u00a0\u00a0\u00a0\u00a0\u00a0\u00a0\u00a0\u00a0\u00a0\u00a0\u00a0\u00a0\u00a0\u00a0\u00a0\u00a0\u00a0\u00a0\u00a0\u00a0\u00a0\u00a0\u00a0\u00a0\u00a0\u00a0\u00a0\u00a0\u00a0\u00a0\u00a0\u00a0\u00a0\u00a0\u00a0\u00a0 President de la UAR<\/strong><\/p>\n<p>&nbsp;<\/p>\n","protected":false},"excerpt":{"rendered":"<p>Benvolgut amics \u00a0La Uni\u00f3 Atl\u00e8tica Rub\u00ed us convoca a l\u2019assemblea general ordin\u00e0ria que farem a la nostra instal\u00b7laci\u00f3 el proper dissabte 24 de Gener de 2015 a les 10\u201900 hores en primera convocat\u00f2ria i en el seu cas a les 10\u201930 hores en segona. \u00a0Ordre del dia: \u00a0\u00a0\u00a0 1.Lectura i aprovaci\u00f3 de l\u2019acta anterior. \u00a0\u00a0 [&hellip;]<\/p>\n","protected":false},"author":3,"featured_media":0,"comment_status":"closed","ping_status":"closed","sticky":false,"template":"","format":"standard","meta":[],"categories":[2],"tags":[],"_links":{"self":[{"href":"https:\/\/uar.es\/index.php?rest_route=\/wp\/v2\/posts\/929"}],"collection":[{"href":"https:\/\/uar.es\/index.php?rest_route=\/wp\/v2\/posts"}],"about":[{"href":"https:\/\/uar.es\/index.php?rest_route=\/wp\/v2\/types\/post"}],"author":[{"embeddable":true,"href":"https:\/\/uar.es\/index.php?rest_route=\/wp\/v2\/users\/3"}],"replies":[{"embeddable":true,"href":"https:\/\/uar.es\/index.php?rest_route=%2Fwp%2Fv2%2Fcomments&post=929"}],"version-history":[{"count":3,"href":"https:\/\/uar.es\/index.php?rest_route=\/wp\/v2\/posts\/929\/revisions"}],"predecessor-version":[{"id":932,"href":"https:\/\/uar.es\/index.php?rest_route=\/wp\/v2\/posts\/929\/revisions\/932"}],"wp:attachment":[{"href":"https:\/\/uar.es\/index.php?rest_route=%2Fwp%2Fv2%2Fmedia&parent=929"}],"wp:term":[{"taxonomy":"category","embeddable":true,"href":"https:\/\/uar.es\/index.php?rest_route=%2Fwp%2Fv2%2Fcategories&post=929"},{"taxonomy":"post_tag","embeddable":true,"href":"https:\/\/uar.es\/index.php?rest_route=%2Fwp%2Fv2%2Ftags&post=929"}],"curies":[{"name":"wp","href":"https:\/\/api.w.org\/{rel}","templated":true}]}}