{"id":967,"date":"2015-02-03T13:26:55","date_gmt":"2015-02-03T11:26:55","guid":{"rendered":"http:\/\/uar.es\/?p=967"},"modified":"2015-02-03T13:28:27","modified_gmt":"2015-02-03T11:28:27","slug":"campionat-de-catalunya-de-cros-de-veterans-2","status":"publish","type":"post","link":"https:\/\/uar.es\/?p=967","title":{"rendered":"CAMPIONAT DE CATALUNYA DE CROS DE VETERANS"},"content":{"rendered":"<p style=\"text-align: justify;\"><strong>FRANCISCO ARAG\u00d3N, CAMPI\u00d3 DE CATALUNYA M-60<\/strong><\/p>\n<p style=\"text-align: justify;\">El passat diumenge 1 de febrer es va celebrar el\u00a0 Campionat de Catalunya de Veterans Individual i per Clubs a Caldes de Malavella. La cursa corresponent a les categories M-45 i m\u00e9s la va guanyar l\u2019atleta Eric Vila de la Uni\u00f3 Atl\u00e8tica Terrassa amb un temps de 13:45. El nostre veter\u00e0 de la UAR en <strong>Francisco Arag\u00f3n<\/strong>, va assolir la 14a posici\u00f3, enregistrant un temps de 15:02, proclamant-se una vegada m\u00e9s campi\u00f3 de Catalunya de cros de la categoria M-60.<\/p>\n<p style=\"text-align: justify;\">Per altra banda, la cadet <strong>Mireia Morales <\/strong>va assolir la posici\u00f3 33 que tamb\u00e9 era Campionat de Catalunya. <a href=\"http:\/\/uar.es\/wp-content\/uploads\/2015\/02\/DSC04410.jpg\"><img loading=\"lazy\" class=\"aligncenter wp-image-968 size-full\" src=\"http:\/\/uar.es\/wp-content\/uploads\/2015\/02\/DSC04410.jpg\" alt=\"DSC04410\" width=\"600\" height=\"398\" srcset=\"https:\/\/uar.es\/wp-content\/uploads\/2015\/02\/DSC04410.jpg 600w, https:\/\/uar.es\/wp-content\/uploads\/2015\/02\/DSC04410-300x199.jpg 300w, https:\/\/uar.es\/wp-content\/uploads\/2015\/02\/DSC04410-500x331.jpg 500w\" sizes=\"(max-width: 600px) 100vw, 600px\" \/><\/a><\/p>\n","protected":false},"excerpt":{"rendered":"<p>FRANCISCO ARAG\u00d3N, CAMPI\u00d3 DE CATALUNYA M-60 El passat diumenge 1 de febrer es va celebrar el\u00a0 Campionat de Catalunya de Veterans Individual i per Clubs a Caldes de Malavella. La cursa corresponent a les categories M-45 i m\u00e9s la va guanyar l\u2019atleta Eric Vila de la Uni\u00f3 Atl\u00e8tica Terrassa amb un temps de 13:45. El [&hellip;]<\/p>\n","protected":false},"author":6,"featured_media":0,"comment_status":"closed","ping_status":"closed","sticky":false,"template":"","format":"standard","meta":[],"categories":[2],"tags":[],"_links":{"self":[{"href":"https:\/\/uar.es\/index.php?rest_route=\/wp\/v2\/posts\/967"}],"collection":[{"href":"https:\/\/uar.es\/index.php?rest_route=\/wp\/v2\/posts"}],"about":[{"href":"https:\/\/uar.es\/index.php?rest_route=\/wp\/v2\/types\/post"}],"author":[{"embeddable":true,"href":"https:\/\/uar.es\/index.php?rest_route=\/wp\/v2\/users\/6"}],"replies":[{"embeddable":true,"href":"https:\/\/uar.es\/index.php?rest_route=%2Fwp%2Fv2%2Fcomments&post=967"}],"version-history":[{"count":3,"href":"https:\/\/uar.es\/index.php?rest_route=\/wp\/v2\/posts\/967\/revisions"}],"predecessor-version":[{"id":971,"href":"https:\/\/uar.es\/index.php?rest_route=\/wp\/v2\/posts\/967\/revisions\/971"}],"wp:attachment":[{"href":"https:\/\/uar.es\/index.php?rest_route=%2Fwp%2Fv2%2Fmedia&parent=967"}],"wp:term":[{"taxonomy":"category","embeddable":true,"href":"https:\/\/uar.es\/index.php?rest_route=%2Fwp%2Fv2%2Fcategories&post=967"},{"taxonomy":"post_tag","embeddable":true,"href":"https:\/\/uar.es\/index.php?rest_route=%2Fwp%2Fv2%2Ftags&post=967"}],"curies":[{"name":"wp","href":"https:\/\/api.w.org\/{rel}","templated":true}]}}