{"id":982,"date":"2015-03-04T11:15:13","date_gmt":"2015-03-04T09:15:13","guid":{"rendered":"http:\/\/uar.es\/?p=982"},"modified":"2015-03-05T23:41:36","modified_gmt":"2015-03-05T21:41:36","slug":"sortida-a-lametlla-de-mar","status":"publish","type":"post","link":"https:\/\/uar.es\/?p=982","title":{"rendered":"SORTIDA A L&#8217;AMETLLA DE MAR"},"content":{"rendered":"<p>Ja us podeu apuntar a secretaria. Aqu\u00ed teniu el cartell amb tota la informaci\u00f3. Podeu clicar <a href=\"http:\/\/uar.es\/wp-content\/uploads\/2015\/03\/cartell-ametlla.pdf\"><strong><span style=\"color: #ff0000;\">aqu\u00ed<\/span><\/strong><\/a> per veure el cartell ampliat.<\/p>\n<p><a href=\"http:\/\/uar.es\/wp-content\/uploads\/2015\/03\/cartell-ametlla.png\"><img loading=\"lazy\" class=\"alignnone wp-image-997 size-full\" src=\"http:\/\/uar.es\/wp-content\/uploads\/2015\/03\/cartell-ametlla.png\" alt=\"cartell ametlla\" width=\"424\" height=\"600\" \/><\/a><\/p>\n","protected":false},"excerpt":{"rendered":"<p>Ja us podeu apuntar a secretaria. Aqu\u00ed teniu el cartell amb tota la informaci\u00f3. Podeu clicar aqu\u00ed per veure el cartell ampliat.<\/p>\n","protected":false},"author":6,"featured_media":0,"comment_status":"closed","ping_status":"closed","sticky":false,"template":"","format":"standard","meta":[],"categories":[2],"tags":[],"_links":{"self":[{"href":"https:\/\/uar.es\/index.php?rest_route=\/wp\/v2\/posts\/982"}],"collection":[{"href":"https:\/\/uar.es\/index.php?rest_route=\/wp\/v2\/posts"}],"about":[{"href":"https:\/\/uar.es\/index.php?rest_route=\/wp\/v2\/types\/post"}],"author":[{"embeddable":true,"href":"https:\/\/uar.es\/index.php?rest_route=\/wp\/v2\/users\/6"}],"replies":[{"embeddable":true,"href":"https:\/\/uar.es\/index.php?rest_route=%2Fwp%2Fv2%2Fcomments&post=982"}],"version-history":[{"count":13,"href":"https:\/\/uar.es\/index.php?rest_route=\/wp\/v2\/posts\/982\/revisions"}],"predecessor-version":[{"id":1005,"href":"https:\/\/uar.es\/index.php?rest_route=\/wp\/v2\/posts\/982\/revisions\/1005"}],"wp:attachment":[{"href":"https:\/\/uar.es\/index.php?rest_route=%2Fwp%2Fv2%2Fmedia&parent=982"}],"wp:term":[{"taxonomy":"category","embeddable":true,"href":"https:\/\/uar.es\/index.php?rest_route=%2Fwp%2Fv2%2Fcategories&post=982"},{"taxonomy":"post_tag","embeddable":true,"href":"https:\/\/uar.es\/index.php?rest_route=%2Fwp%2Fv2%2Ftags&post=982"}],"curies":[{"name":"wp","href":"https:\/\/api.w.org\/{rel}","templated":true}]}}